{"id":469,"date":"2020-03-24T08:49:14","date_gmt":"2020-03-24T07:49:14","guid":{"rendered":"https:\/\/www.notredamedelaconfiance.fr\/?p=469"},"modified":"2020-03-24T08:49:14","modified_gmt":"2020-03-24T07:49:14","slug":"soutien-a-la-foi-active-en-temps-de-confinement-6","status":"publish","type":"post","link":"https:\/\/www.notredamedelaconfiance.fr\/index.php\/2020\/03\/24\/soutien-a-la-foi-active-en-temps-de-confinement-6\/","title":{"rendered":"soutien \u00e0 la foi active en temps de confinement 6"},"content":{"rendered":"\n<figure class=\"wp-block-image\"><img decoding=\"async\" src=\"https:\/\/www.notredamedelaconfiance.fr\/wp-content\/uploads\/2020\/03\/Ezechiel-et-la-vision-du-Temple-Ez-47-1-9.12-1024x934.jpg\" alt=\"\" class=\"wp-image-471\"\/><\/figure>\n\n\n\n<p><strong>Aujourd\u2019hui 24 mars 2020, mardi de la 4<\/strong><strong><sup>\u00e8me<\/sup><\/strong><strong> semaine de car\u00eame.<\/strong><\/p>\n\n\n\n<p><strong>Prions<\/strong> (Pri\u00e8re d\u2019ouverture de la Messe d\u2019aujourd\u2019hui)&nbsp;:&nbsp;<\/p>\n\n\n\n<p>Donne \u00e0 tes fid\u00e8les, Seigneur, en ce temps, de p\u00e9nitence, une vraie g\u00e9n\u00e9rosit\u00e9 \u00e0 te servir.<\/p>\n\n\n\n<p>Qu\u2019ils se disposent ainsi \u00e0 recevoir dans un coeur purifi\u00e9 l\u2019annonce du myst\u00e8re pascal, et \u00e0 transmettre au monde la joyeuse nouvelle du salut. Par J\u00e9sus-Christ \u2026<\/p>\n\n\n\n<p><strong>Dans la Parole de Dieu d\u2019aujourd\u2019hui <\/strong>(Ez\u00e9chiel 47, 8)&nbsp;:&nbsp;&nbsp;<\/p>\n\n\n\n<p>Il me dit&nbsp;: \u00ab&nbsp;Cette eau coule vers la r\u00e9gion de l\u2019orient, elle descend dans la vall\u00e9e du Jourdain, et se d\u00e9verse dans la mer Morte, dont elle assainit les eaux.<\/p>\n\n\n\n<p><strong>Dans l\u2019Evangile d\u2019aujourd\u2019hui<\/strong> (Jean 5, 6)&nbsp;:&nbsp;&nbsp;<\/p>\n\n\n\n<p>J\u00e9sus, le voyant couch\u00e9 l\u00e0, et apprenant qu\u2019il \u00e9tait dans cet \u00e9tat depuis longtemps, lui dit&nbsp;: \u00ab&nbsp;Veux-tu \u00eatre gu\u00e9ri&nbsp;?&nbsp;\u00bb<\/p>\n\n\n\n<p><em>\u00ab&nbsp;Veux-tu \u00eatre gu\u00e9ri?&nbsp;\u00bb demande J\u00e9sus \u00e0, l\u2019homme immobilis\u00e9 depuis 38 ans.<\/em><\/p>\n\n\n\n<p><em>Oui, je veux bien \u00eatre gu\u00e9ri de ce fichu corona qui nous emprisonne chez nous et qui tue tant de gens! <br>\nJ\u00e9sus pose encore une fois la question&nbsp;:&nbsp; \u00ab&nbsp;Veux-tu \u00eatre gu\u00e9ri?&nbsp;\u00bb De quelle gu\u00e9rison veut-il parler&nbsp;?&nbsp;<\/em><\/p>\n\n\n\n<p><em>Certes, de la gu\u00e9rison du corona. Mais aussi de ce qui a conduit \u00e0 la diffusion de ce virus, de cette course effr\u00e9n\u00e9e \u00e0 la consommation, au profit, \u00e0 la satisfaction individuelle et mat\u00e9rielle, de nos \u00e9go\u00efsmes et de nos l\u00e2chet\u00e9s.<\/em><\/p>\n\n\n\n<p><em>Oui, Seigneur, nous voulons gu\u00e9rir.<\/em><\/p>\n\n\n\n<p><strong>Psaume 76<\/strong><\/p>\n\n\n\n<p>Vers Dieu, je crie mon appel !&nbsp;<\/p>\n\n\n\n<p>Je crie vers Dieu :&nbsp;<\/p>\n\n\n\n<p>qu&rsquo;il m&rsquo;entende !<\/p>\n\n\n\n<p>Au jour de la d\u00e9tresse, je cherche le Seigneur ; + l<\/p>\n\n\n\n<p>a nuit, je tends les mains sans rel\u00e2che,&nbsp;<\/p>\n\n\n\n<p>mon \u00e2me refuse le r\u00e9confort.<\/p>\n\n\n\n<p>Je me souviens de Dieu,&nbsp;<\/p>\n\n\n\n<p>je me plains &nbsp;;&nbsp;<\/p>\n\n\n\n<p>je m\u00e9dite et mon esprit d\u00e9faille.<\/p>\n\n\n\n<p>Tu refuses \u00e0 mes yeux le sommeil ;&nbsp;<\/p>\n\n\n\n<p>je me trouble, incapable de parler.<\/p>\n\n\n\n<p>Je pense aux jours d&rsquo;autrefois,&nbsp;<\/p>\n\n\n\n<p>aux ann\u00e9es de jadis ;<\/p>\n\n\n\n<p>la nuit, je me souviens de mon chant,&nbsp;<\/p>\n\n\n\n<p>je m\u00e9dite en mon coeur, et mon esprit s&rsquo;interroge.<\/p>\n\n\n\n<p>Le Seigneur ne fera-t-il que rejeter,&nbsp;<\/p>\n\n\n\n<p>ne sera-t-il jamais plus favorable ?<\/p>\n\n\n\n<p>Son amour a-t-il donc disparu ?&nbsp;<\/p>\n\n\n\n<p>S&rsquo;est-elle \u00e9teinte, d&rsquo;\u00e2ge en \u00e2ge, la parole ?<\/p>\n\n\n\n<p>Dieu oublierait-il d&rsquo;avoir piti\u00e9,&nbsp;<\/p>\n\n\n\n<p>dans sa col\u00e8re a-t-il ferm\u00e9 ses entrailles ?<\/p>\n\n\n\n<p>J&rsquo;ai dit : \u00ab Une chose me fait mal,&nbsp;<\/p>\n\n\n\n<p>la droite du Tr\u00e8s-Haut a chang\u00e9. \u00bb<\/p>\n\n\n\n<p>Je me souviens des exploits du Seigneur,&nbsp;<\/p>\n\n\n\n<p>je rappelle ta merveille de jadis ;<\/p>\n\n\n\n<p>je me redis tous tes hauts faits,&nbsp;<\/p>\n\n\n\n<p>sur tes exploits je m\u00e9dite.<\/p>\n\n\n\n<p>Dieu, la saintet\u00e9 est ton chemin !&nbsp;<\/p>\n\n\n\n<p>Quel Dieu est grand comme Dieu ?<\/p>\n\n\n\n<p>Tu es le Dieu qui accomplis la merveille,&nbsp;<\/p>\n\n\n\n<p>qui fais conna\u00eetre chez les peuples ta force :<\/p>\n\n\n\n<p>t<\/p>\n\n\n\n<p>u rachetas ton peuple avec puissance,&nbsp;<\/p>\n\n\n\n<p>les descendants de Jacob et de Joseph.<\/p>\n\n\n\n<p>Les eaux, en te voyant, Seigneur, +&nbsp;<\/p>\n\n\n\n<p>les eaux, en te voyant, trembl\u00e8rent,&nbsp;<\/p>\n\n\n\n<p>l&rsquo;ab\u00eeme lui-m\u00eame a fr\u00e9mi.<\/p>\n\n\n\n<p>Les nuages d\u00e9vers\u00e8rent leurs eaux, +&nbsp;<\/p>\n\n\n\n<p>les nu\u00e9es donn\u00e8rent de la voix,&nbsp;<\/p>\n\n\n\n<p>la foudre frappait de toute part.<\/p>\n\n\n\n<p>Au roulement de ta voix qui tonnait, +&nbsp;<\/p>\n\n\n\n<p>tes \u00e9clairs illumin\u00e8rent le monde,&nbsp;<\/p>\n\n\n\n<p>la terre s&rsquo;agita et fr\u00e9mit.<\/p>\n\n\n\n<p>Par la mer passait ton chemin, +&nbsp;<\/p>\n\n\n\n<p>tes sentiers, par les eaux profondes ;&nbsp;<\/p>\n\n\n\n<p>et nul n&rsquo;en conna\u00eet la trace.<\/p>\n\n\n\n<p>Tu as conduit comme un troupeau ton peuple&nbsp;<\/p>\n\n\n\n<p>par la main de Mo\u00efse et d\u2019Aaron.<\/p>\n\n\n\n<p><strong>Intention de pri\u00e8re pour aujourd\u2019hui&nbsp;:&nbsp;<\/strong><\/p>\n\n\n\n<ul class=\"wp-block-list\"><li>Prions pour les malades qui veulent \u00eatre gu\u00e9ris, en pensant aussi \u00e0 tous les malades d\u2019autres cause que le corona virus<\/li><\/ul>\n\n\n\n<p><strong>Intention d\u2019action pour aujourd\u2019hui&nbsp;:&nbsp;<\/strong><\/p>\n\n\n\n<ul class=\"wp-block-list\"><li>En pensant \u00e0 l\u2019eau qui jaillit du temple et qui assainit tout, on peut nettoyer (avec de l\u2019eau et du savon) les poign\u00e9es de portes de l\u2019immeuble, de l\u2019ascenseur, les boutons de commande \u00e9lectrique, \u2026<\/li><\/ul>\n\n\n\n<figure class=\"wp-block-image\"><img decoding=\"async\" src=\"https:\/\/www.notredamedelaconfiance.fr\/wp-content\/uploads\/2020\/03\/paralytique-de-bezatha-3.jpg\" alt=\"\" class=\"wp-image-470\"\/><\/figure>\n","protected":false},"excerpt":{"rendered":"<p>Aujourd\u2019hui 24 mars 2020, mardi de la 4\u00e8me semaine de car\u00eame. Prions (Pri\u00e8re d\u2019ouverture de la Messe d\u2019aujourd\u2019hui)&nbsp;:&nbsp; Donne \u00e0 tes fid\u00e8les, Seigneur, en ce temps, de p\u00e9nitence, une vraie g\u00e9n\u00e9rosit\u00e9 \u00e0 te servir. Qu\u2019ils se disposent ainsi \u00e0 recevoir dans un coeur purifi\u00e9 l\u2019annonce du myst\u00e8re pascal, et \u00e0 transmettre au monde la joyeuse [&hellip;]<\/p>\n","protected":false},"author":4,"featured_media":0,"comment_status":"closed","ping_status":"open","sticky":false,"template":"","format":"standard","meta":{"footnotes":""},"categories":[1],"tags":[],"class_list":["post-469","post","type-post","status-publish","format-standard","hentry","category-info"],"_links":{"self":[{"href":"https:\/\/www.notredamedelaconfiance.fr\/index.php\/wp-json\/wp\/v2\/posts\/469","targetHints":{"allow":["GET"]}}],"collection":[{"href":"https:\/\/www.notredamedelaconfiance.fr\/index.php\/wp-json\/wp\/v2\/posts"}],"about":[{"href":"https:\/\/www.notredamedelaconfiance.fr\/index.php\/wp-json\/wp\/v2\/types\/post"}],"author":[{"embeddable":true,"href":"https:\/\/www.notredamedelaconfiance.fr\/index.php\/wp-json\/wp\/v2\/users\/4"}],"replies":[{"embeddable":true,"href":"https:\/\/www.notredamedelaconfiance.fr\/index.php\/wp-json\/wp\/v2\/comments?post=469"}],"version-history":[{"count":1,"href":"https:\/\/www.notredamedelaconfiance.fr\/index.php\/wp-json\/wp\/v2\/posts\/469\/revisions"}],"predecessor-version":[{"id":472,"href":"https:\/\/www.notredamedelaconfiance.fr\/index.php\/wp-json\/wp\/v2\/posts\/469\/revisions\/472"}],"wp:attachment":[{"href":"https:\/\/www.notredamedelaconfiance.fr\/index.php\/wp-json\/wp\/v2\/media?parent=469"}],"wp:term":[{"taxonomy":"category","embeddable":true,"href":"https:\/\/www.notredamedelaconfiance.fr\/index.php\/wp-json\/wp\/v2\/categories?post=469"},{"taxonomy":"post_tag","embeddable":true,"href":"https:\/\/www.notredamedelaconfiance.fr\/index.php\/wp-json\/wp\/v2\/tags?post=469"}],"curies":[{"name":"wp","href":"https:\/\/api.w.org\/{rel}","templated":true}]}}