{"id":481,"date":"2020-03-26T09:34:26","date_gmt":"2020-03-26T08:34:26","guid":{"rendered":"https:\/\/www.notredamedelaconfiance.fr\/?p=481"},"modified":"2020-03-26T09:34:26","modified_gmt":"2020-03-26T08:34:26","slug":"des-croyants-vigoureux-dans-la-foi-et-la-fraternite-pendant-le-confinement-8","status":"publish","type":"post","link":"https:\/\/www.notredamedelaconfiance.fr\/index.php\/2020\/03\/26\/des-croyants-vigoureux-dans-la-foi-et-la-fraternite-pendant-le-confinement-8\/","title":{"rendered":"Des croyants vigoureux dans la foi et la fraternit\u00e9 pendant le confinement 8"},"content":{"rendered":"\n<figure class=\"wp-block-image\"><img decoding=\"async\" src=\"https:\/\/www.notredamedelaconfiance.fr\/wp-content\/uploads\/2020\/03\/veau-dor-poussin.jpg\" alt=\"\" class=\"wp-image-479\"\/><\/figure>\n\n\n\n<p><strong>Aujourd\u2019hui 26 mars, jeudi de la 4<\/strong><strong><sup>\u00e8me<\/sup><\/strong><strong> semaine de car\u00eame.<\/strong><\/p>\n\n\n\n<p><strong>Prions<\/strong>&nbsp;<\/p>\n\n\n\n<p>Seigneur J\u00e9sus, dans chacun de tes gestes et dans toutes tes paroles, tu fais les oeuvres que Dieu ton P\u00e8re te montre \u00e0 r\u00e9aliser au milieu de nous. Tu es vraiment l\u2019Envoy\u00e9 du P\u00e8re qui nous sauve par le don de ta personne dans ta mort et ta r\u00e9surrection, dans ton Eucharistie.<\/p>\n\n\n\n<p>Prend piti\u00e9 de nous qui sommes aveugles et incr\u00e9dules.&nbsp;<\/p>\n\n\n\n<p>Nous sommes plut\u00f4t s\u00e9duits par des idoles qui nous manipulent, l\u2019argent le portable, la technologie, l\u2019\u00e9tourdissement dans les plaisirs.<\/p>\n\n\n\n<p>Viens \u00e0 notre aide pour nous d\u00e9livrer de ces prisons et nous retourner vers le P\u00e8re, source de toute v\u00e9ritable vie, Toi qui vis et r\u00e8gne avec Lui et le Saint Esprit, Dieu pour les si\u00e8cles des si\u00e8cles.<\/p>\n\n\n\n<p><strong>Dans la Parole de Dieu aujourd\u2019hui<\/strong> (Exode 32, 13)&nbsp;:&nbsp;&nbsp;<\/p>\n\n\n\n<p>Souviens-toi (Seigneur,) de tes serviteurs, Abraham, Isaac et Isra\u00ebl, \u00e0 qui tu as jur\u00e9 par toi-m\u00eame&nbsp;: \u201cJe multiplierai votre descendance comme les \u00e9toiles du ciel&nbsp;; je donnerai, comme je l\u2019ai dit, tout ce pays \u00e0 vos descendants, et il sera pour toujours leur h\u00e9ritage.\u201d<\/p>\n\n\n\n<p><strong>Dans l\u2019Evangile aujourd\u2019hui<\/strong> (Jean 5, 36)<\/p>\n\n\n\n<p>J\u2019ai pour moi un t\u00e9moignage plus grand que celui de Jean (le Baptiste)&nbsp;: ce sont les \u0153uvres que le P\u00e8re m\u2019a donn\u00e9 d\u2019accomplir&nbsp;; les \u0153uvres m\u00eames que je fais t\u00e9moignent que le P\u00e8re m\u2019a envoy\u00e9.<\/p>\n\n\n\n<p><em>Dans le d\u00e9sert apr\u00e8s la travers\u00e9e de la Mer Rouge, Mo\u00efse avait quitt\u00e9 le peuple pour monter dans la montagne \u00e0 la rencontre de Dieu qui voulait lui donner la Loi. Mais les h\u00e9breux \u00e9taient las de l\u2019attendre et ont pr\u00e9f\u00e9r\u00e9 se fabriquer une idole, un veau en or, pour se prosterner devant lui et l\u2019adorer.&nbsp;<\/em><\/p>\n\n\n\n<p><em>Faux dieu inerte mais visible pour remplacer le vrai Dieu invisible mais vivant. Trahison&nbsp;!&nbsp; Perdition&nbsp;!&nbsp;&nbsp;<\/em><\/p>\n\n\n\n<p><em>A l\u2019autre bout de l\u2019histoire, J\u00e9sus vient et manifeste les oeuvres de Dieu par ses gestes, ses paroles, sa vie et sa personne. Aveugl\u00e9s et orgueilleux, les chefs religieux de son temps ont refus\u00e9 l\u2019\u00e9vidence et ont rejet\u00e9 J\u00e9sus.<\/em><\/p>\n\n\n\n<p><em>Aujourd\u2019hui, relisons l\u2019Evangile dans notre Bible et red\u00e9couvrons comment J\u00e9sus manifeste le Don de Dieu dans tout ce qu\u2019il fait et dans toute sa personne.<\/em><\/p>\n\n\n\n<p><strong>Psaume 35<\/strong><\/p>\n\n\n\n<p>C&rsquo;est le p\u00e9ch\u00e9 qui parle au coeur de l&rsquo;impie ; *&nbsp;<\/p>\n\n\n\n<p>ses yeux ne voient pas que Dieu est terrible.<\/p>\n\n\n\n<p>Il se voit d&rsquo;un oeil trop flatteur<\/p>\n\n\n\n<p>pour trouver et ha\u00efr sa faute ; *<\/p>\n\n\n\n<p>il n&rsquo;a que ruse et fraude \u00e0 la bouche,&nbsp;<\/p>\n\n\n\n<p>il a perdu le sens du bien.<\/p>\n\n\n\n<p>Il pr\u00e9pare en secret ses mauvais coups. +&nbsp;<\/p>\n\n\n\n<p>La route qu&rsquo;il suit n&rsquo;est pas celle du bien ; *<\/p>\n\n\n\n<p>il ne renonce pas au mal.<\/p>\n\n\n\n<p>Dans les cieux, Seigneur, ton amour ;&nbsp;<\/p>\n\n\n\n<p>jusqu&rsquo;aux nues, ta v\u00e9rit\u00e9 ! *<\/p>\n\n\n\n<p>Ta justice, une haute montagne ;&nbsp;<\/p>\n\n\n\n<p>tes jugements, le grand ab\u00eeme !&nbsp;<\/p>\n\n\n\n<p>Tu sauves, Seigneur, l&rsquo;homme et les b\u00eates :<\/p>\n\n\n\n<p>qu&rsquo;il est pr\u00e9cieux ton amour, \u00f4 mon Dieu !&nbsp;<\/p>\n\n\n\n<p>A l&rsquo;ombre de tes ailes,&nbsp;<\/p>\n\n\n\n<p>tu abrites les hommes : +<\/p>\n\n\n\n<p>ils savourent les festins de ta maison ; *&nbsp;<\/p>\n\n\n\n<p>aux torrents du paradis, tu les abreuves.<\/p>\n\n\n\n<p>En toi est la source de vie ;&nbsp;<\/p>\n\n\n\n<p>par ta lumi\u00e8re nous voyons la lumi\u00e8re.<\/p>\n\n\n\n<p>Garde ton amour \u00e0 ceux qui t&rsquo;ont connu,&nbsp;<\/p>\n\n\n\n<p>ta justice \u00e0 tous les hommes droits.<\/p>\n\n\n\n<p>Que l&rsquo;orgueilleux n&rsquo;entre pas chez moi,&nbsp;<\/p>\n\n\n\n<p>que l&rsquo;impie ne me jette pas dehors !<\/p>\n\n\n\n<p>Voyez : ils sont tomb\u00e9s, les malfaisants ; a<\/p>\n\n\n\n<p>battus, ils ne pourront se relever.<\/p>\n\n\n\n<p><strong>Intention de pri\u00e8re pour aujourd\u2019hui<\/strong><\/p>\n\n\n\n<ul class=\"wp-block-list\"><li>Prions encore pour les soignants qui s\u2019\u00e9puisent et pour ceux d\u2019entre eux qui tombent malades.<\/li><\/ul>\n\n\n\n<p><strong>Intention d\u2019action pour aujourd\u2019hui<\/strong>&nbsp;:&nbsp;<\/p>\n\n\n\n<ul class=\"wp-block-list\"><li>Offrons-nous en famille un quart d\u2019heure (ou plus) sans aucune technologie active (t\u00e9l\u00e9, portables, t\u00e9l\u00e9phones, ordis, tablettes, manettes, lave-linge, lave-vaisselle, etc. ) pour go\u00fbter la pr\u00e9sence des uns et des autres \u2026 et celle du Seigneur au milieu de nous<\/li><\/ul>\n\n\n\n<figure class=\"wp-block-image\"><img decoding=\"async\" src=\"https:\/\/www.notredamedelaconfiance.fr\/wp-content\/uploads\/2020\/03\/veau-dor-trait.gif\" alt=\"\" class=\"wp-image-480\"\/><\/figure>\n","protected":false},"excerpt":{"rendered":"<p>Aujourd\u2019hui 26 mars, jeudi de la 4\u00e8me semaine de car\u00eame. Prions&nbsp; Seigneur J\u00e9sus, dans chacun de tes gestes et dans toutes tes paroles, tu fais les oeuvres que Dieu ton P\u00e8re te montre \u00e0 r\u00e9aliser au milieu de nous. Tu es vraiment l\u2019Envoy\u00e9 du P\u00e8re qui nous sauve par le don de ta personne dans [&hellip;]<\/p>\n","protected":false},"author":4,"featured_media":0,"comment_status":"closed","ping_status":"open","sticky":false,"template":"","format":"standard","meta":{"footnotes":""},"categories":[1],"tags":[],"class_list":["post-481","post","type-post","status-publish","format-standard","hentry","category-info"],"_links":{"self":[{"href":"https:\/\/www.notredamedelaconfiance.fr\/index.php\/wp-json\/wp\/v2\/posts\/481","targetHints":{"allow":["GET"]}}],"collection":[{"href":"https:\/\/www.notredamedelaconfiance.fr\/index.php\/wp-json\/wp\/v2\/posts"}],"about":[{"href":"https:\/\/www.notredamedelaconfiance.fr\/index.php\/wp-json\/wp\/v2\/types\/post"}],"author":[{"embeddable":true,"href":"https:\/\/www.notredamedelaconfiance.fr\/index.php\/wp-json\/wp\/v2\/users\/4"}],"replies":[{"embeddable":true,"href":"https:\/\/www.notredamedelaconfiance.fr\/index.php\/wp-json\/wp\/v2\/comments?post=481"}],"version-history":[{"count":1,"href":"https:\/\/www.notredamedelaconfiance.fr\/index.php\/wp-json\/wp\/v2\/posts\/481\/revisions"}],"predecessor-version":[{"id":482,"href":"https:\/\/www.notredamedelaconfiance.fr\/index.php\/wp-json\/wp\/v2\/posts\/481\/revisions\/482"}],"wp:attachment":[{"href":"https:\/\/www.notredamedelaconfiance.fr\/index.php\/wp-json\/wp\/v2\/media?parent=481"}],"wp:term":[{"taxonomy":"category","embeddable":true,"href":"https:\/\/www.notredamedelaconfiance.fr\/index.php\/wp-json\/wp\/v2\/categories?post=481"},{"taxonomy":"post_tag","embeddable":true,"href":"https:\/\/www.notredamedelaconfiance.fr\/index.php\/wp-json\/wp\/v2\/tags?post=481"}],"curies":[{"name":"wp","href":"https:\/\/api.w.org\/{rel}","templated":true}]}}