{"id":495,"date":"2020-03-29T09:10:36","date_gmt":"2020-03-29T07:10:36","guid":{"rendered":"https:\/\/www.notredamedelaconfiance.fr\/?p=495"},"modified":"2020-03-29T09:10:36","modified_gmt":"2020-03-29T07:10:36","slug":"des-croyants-vigoureux-dans-la-foi-et-la-fraternite-en-temps-de-confinement","status":"publish","type":"post","link":"https:\/\/www.notredamedelaconfiance.fr\/index.php\/2020\/03\/29\/des-croyants-vigoureux-dans-la-foi-et-la-fraternite-en-temps-de-confinement\/","title":{"rendered":"des croyants vigoureux dans la foi et la fraternit\u00e9 en temps de confinement"},"content":{"rendered":"\n<figure class=\"wp-block-image\"><img decoding=\"async\" src=\"https:\/\/www.notredamedelaconfiance.fr\/wp-content\/uploads\/2020\/03\/r\u00e9surrectiion-de-Lazare-ic\u00f4ne.jpg\" alt=\"\" class=\"wp-image-491\"\/><\/figure>\n\n\n\n<p>Bonjour r\u00e9veilla tous et bon dimanche &nbsp;!&nbsp;<\/p>\n\n\n\n<p>Ce matin, nous sommes pass\u00e9 \u00e0 l\u2019heure d\u2019\u00e9t\u00e9&nbsp;&nbsp;:&nbsp;<\/p>\n\n\n\n<p>nous avan\u00e7ons nos montres d\u2019une heure.<\/p>\n\n\n\n<p><strong>Ainsi 9h45 d\u2019hier devient 10h45<\/strong><strong>d\u2019aujourd\u2019hui,<\/strong><strong>&nbsp;<\/strong><\/p>\n\n\n\n<p>l\u2019heure habituelle de la Messe \u00e0 la chapelle.<\/p>\n\n\n\n<p>Vous pouvez vous joindre en visioconf\u00e9rence depuis la chapelle \u00e0 la Messe que je vais c\u00e9l\u00e9brer tout \u00e0 l\u2019heure \u00e0 <strong>10h45<\/strong> en cliquant sur le lien ci-dessous&nbsp;:&nbsp;&nbsp;<\/p>\n\n\n\n<figure class=\"wp-block-embed\"><div class=\"wp-block-embed__wrapper\">\nhttps:\/\/us04web.zoom.us\/j\/534005097\n<\/div><\/figure>\n\n\n\n<p>ID de r\u00e9union&nbsp;: 534 005 097<\/p>\n\n\n\n<p><strong>Aujourd\u2019hui 29 mars, 5<\/strong><strong><sup>\u00e8me<\/sup><\/strong><strong> dimanche de car\u00eame, ann\u00e9e A<\/strong><\/p>\n\n\n\n<p><strong>Prions <\/strong>(pri\u00e8re d\u2019ouverture de la Messe)&nbsp;:&nbsp;&nbsp;<\/p>\n\n\n\n<p>Que ta gr\u00e2ce nous obtienne, Seigneur, d\u2019imiter avec joie la charit\u00e9 du Christ qui a donn\u00e9 sa vie par amour pour le monde. Lui qui vit et r\u00e8gne avec Toi et le Saint Esprit, Dieu pour les si\u00e8cles des si\u00e8cles<\/p>\n\n\n\n<p><strong>Dans la Parole de Dieu aujourd\u2019hui<\/strong> (Ez\u00e9chiel 37, 13)&nbsp;:&nbsp;&nbsp;<\/p>\n\n\n\n<p>Ainsi parle le Seigneur Dieu&nbsp;:<\/p>\n\n\n\n<p>Je vais ouvrir vos tombeaux<\/p>\n\n\n\n<p>\tet je vous en ferai remonter,<\/p>\n\n\n\n<p>\t\t\u00f4 mon peuple&nbsp;!&nbsp;&nbsp;<\/p>\n\n\n\n<p><strong>Dans la 2<\/strong><strong><sup>\u00e8me<\/sup><\/strong><strong> lecture<\/strong> (Romains 8, 8)&nbsp;:&nbsp;&nbsp;<\/p>\n\n\n\n<p>Fr\u00e8res,<\/p>\n\n\n\n<p>\tceux qui sont sous l\u2019emprise de la chair<\/p>\n\n\n\n<p>\t\tne peuvent pas plaire \u00e0 Dieu.<\/p>\n\n\n\n<p>Or, vous, vous n\u2019\u00eates pas sous l\u2019emprise de la chair,<\/p>\n\n\n\n<p>\tmais sous celle de l\u2019Esprit,<\/p>\n\n\n\n<p>\t\tpuisque l\u2019Esprit de Dieu habite en vous.<\/p>\n\n\n\n<p><strong>Et dans l\u2019Evangile de ce dimanche <\/strong>(Jean 11, 25-26)&nbsp;:&nbsp;&nbsp;<\/p>\n\n\n\n<p>&nbsp;J\u00e9sus lui dit&nbsp;:<\/p>\n\n\n\n<p>\u00ab&nbsp;Moi, je suis la r\u00e9surrection et la vie.<\/p>\n\n\n\n<p>Celui qui croit en moi,<\/p>\n\n\n\n<p>\tm\u00eame s\u2019il meurt, vivra&nbsp;;<\/p>\n\n\n\n<p>quiconque vit et croit en moi<\/p>\n\n\n\n<p>\tne mourra jamais.<\/p>\n\n\n\n<p>Crois-tu cela&nbsp;?&nbsp;\u00bb<\/p>\n\n\n\n<p><em>Ce dernier dimanche, avant d\u2019entrer dans la Grande Semaine Sainte, nous pr\u00e9pare \u00e0 accueillir une v\u00e9rit\u00e9 du Royaume de Dieu qui est difficile \u00e0 croire&nbsp;:&nbsp; J\u00e9sus va mourir et ressusciter, et il est celui qui ressuscite les morts.<\/em><\/p>\n\n\n\n<p><em>En cette p\u00e9riode si \u00e9trange et douloureuse, nous pleurons presque tous le d\u00e9c\u00e8s de proches ou de personnes que nous connaissions.<\/em><\/p>\n\n\n\n<p><em>Et puis, nous-m\u00eames, confin\u00e9s dans nos appartements, nous nous sentons parfois comme dans un tombeau avant l\u2019heure, emp\u00each\u00e9s de sortir, de bouger, de nous rencontrer.<\/em><\/p>\n\n\n\n<p><em>Ce dimanche est donc celui o\u00f9 l\u2019esp\u00e9rance est annonc\u00e9e, non seulement de la fin de la pand\u00e9mie qui viendra certainement \u00e0 son heure mais aussi de la victoire d\u00e9finitive du Seigneur J\u00e9sus sur toute mort. Victoire que nous c\u00e9l\u00e9brons \u00e0 chaque Messe. Victoire dont nous appelons la manifestation pl\u00e9ni\u00e8re par le retour en gloire du Christ Seigneur.<\/em><\/p>\n\n\n\n<p><em>Cette r\u00e9surrection que J\u00e9sus nous offre change en premier notre coeur.<\/em><\/p>\n\n\n\n<p><em>Notre coeur de pierre devient coeur de chair.&nbsp;<\/em><\/p>\n\n\n\n<p><em>Acharnons-nous d\u00e9sormais \u00e0 d\u00e9monter la duret\u00e9 en nous et dans le monde.<\/em><\/p>\n\n\n\n<p><em>Ce monde qui red\u00e9couvre ces temps-ci son besoin de tendresse et d\u2019humanit\u00e9.<\/em><\/p>\n\n\n\n<p><strong>Psaume <\/strong>129 (130)<\/p>\n\n\n\n<p>Des profondeurs je crie vers toi, Seigneur,<\/p>\n\n\n\n<p>Seigneur, \u00e9coute mon appel ! *&nbsp;<\/p>\n\n\n\n<p>Que ton oreille se fasse attentive <br>\nau cri de ma pri\u00e8re !<\/p>\n\n\n\n<p>Si tu retiens les fautes,&nbsp;<\/p>\n\n\n\n<p>Seigneur Seigneur, qui subsistera ? *<\/p>\n\n\n\n<p>Mais pr\u00e8s de toi se trouve le pardon <br>\npour que l&rsquo;homme te craigne.<\/p>\n\n\n\n<p>J&rsquo;esp\u00e8re le Seigneur de toute mon \u00e2me ; * <br>\nje l&rsquo;esp\u00e8re, et j&rsquo;attends sa parole.<\/p>\n\n\n\n<p>Mon \u00e2me attend le Seigneur <br>\nplus qu&rsquo;un veilleur ne guette l&rsquo;aurore. *&nbsp;<\/p>\n\n\n\n<p>Plus qu&rsquo;un veilleur ne guette l&rsquo;aurore,<br>\nattends le Seigneur, Isra\u00ebl.&nbsp;<\/p>\n\n\n\n<p>Oui, pr\u00e8s du Seigneur, est l&rsquo;amour ; <br>\npr\u00e8s de lui, abonde le rachat. *<\/p>\n\n\n\n<p>C&rsquo;est lui qui rach\u00e8tera Isra\u00ebl <br>\nde toutes ses fautes.<\/p>\n\n\n\n<p><strong>Intention de pri\u00e8re pour aujourd\u2019hui<\/strong><\/p>\n\n\n\n<ul class=\"wp-block-list\"><li>Prions pour toutes les familles en deuil qui ne peuvent participer aux obs\u00e8ques de leur proche disparu&nbsp;:&nbsp; que l\u2019annonce de la puissance de r\u00e9surrection de J\u00e9sus apaise leur peine.<\/li><\/ul>\n\n\n\n<p><strong>Intention d \u2018action pour aujoourd\u2019hui<\/strong><\/p>\n\n\n\n<ul class=\"wp-block-list\"><li>Le 5<sup>\u00e8me<\/sup> dimanche de car\u00eame est traditionnellement celui o\u00f9 on r\u00e9colte l\u2019effort de car\u00eame de chaque foyer pour l\u2019envoyer \u00e0 l\u2019association choisie pour en b\u00e9n\u00e9ficier.<br>\nLa chapelle a choisi de soutenir la Maison des 2 Coeurs d\u2019Amour qui recueille des enfants pour qu\u2019ils puissent aller \u00e0, l\u2019\u00e9cole. Notre soutien sera datant plus vital que le Cameroun, comme toute l\u2019Afrique, va affronter la redoutable vague de coronavirus, alors que ses moyens sanitaires sont tr\u00e8s faibles.<br>\nEnvoyez votre virement sur le compte suivant&nbsp;:&nbsp;&nbsp;<\/li><\/ul>\n\n\n\n<p>Maison des deux sieurs d\u2019amour MDCA<\/p>\n\n\n\n<p>IBAN FR76 3000 3037 2000 0506 7000 370<\/p>\n\n\n\n<p>BIC SOGEFRPP<\/p>\n\n\n\n<p>Banque&nbsp;:&nbsp; 30003, guichet&nbsp;:&nbsp; 03720, N\u00b0 compte&nbsp;:&nbsp; 0050670003,&nbsp; cl\u00e9 RIB&nbsp;:&nbsp;&nbsp; 70<br><\/p>\n\n\n\n<figure class=\"wp-block-image\"><img decoding=\"async\" src=\"https:\/\/www.notredamedelaconfiance.fr\/wp-content\/uploads\/2020\/03\/r\u00e9surrection-de-lazare-trait-1024x637.jpg\" alt=\"\" class=\"wp-image-492\"\/><\/figure>\n","protected":false},"excerpt":{"rendered":"<p>Bonjour r\u00e9veilla tous et bon dimanche &nbsp;!&nbsp; Ce matin, nous sommes pass\u00e9 \u00e0 l\u2019heure d\u2019\u00e9t\u00e9&nbsp;&nbsp;:&nbsp; nous avan\u00e7ons nos montres d\u2019une heure. Ainsi 9h45 d\u2019hier devient 10h45d\u2019aujourd\u2019hui,&nbsp; l\u2019heure habituelle de la Messe \u00e0 la chapelle. Vous pouvez vous joindre en visioconf\u00e9rence depuis la chapelle \u00e0 la Messe que je vais c\u00e9l\u00e9brer tout \u00e0 l\u2019heure \u00e0 10h45 [&hellip;]<\/p>\n","protected":false},"author":4,"featured_media":0,"comment_status":"closed","ping_status":"open","sticky":false,"template":"","format":"standard","meta":{"footnotes":""},"categories":[1],"tags":[],"class_list":["post-495","post","type-post","status-publish","format-standard","hentry","category-info"],"_links":{"self":[{"href":"https:\/\/www.notredamedelaconfiance.fr\/index.php\/wp-json\/wp\/v2\/posts\/495","targetHints":{"allow":["GET"]}}],"collection":[{"href":"https:\/\/www.notredamedelaconfiance.fr\/index.php\/wp-json\/wp\/v2\/posts"}],"about":[{"href":"https:\/\/www.notredamedelaconfiance.fr\/index.php\/wp-json\/wp\/v2\/types\/post"}],"author":[{"embeddable":true,"href":"https:\/\/www.notredamedelaconfiance.fr\/index.php\/wp-json\/wp\/v2\/users\/4"}],"replies":[{"embeddable":true,"href":"https:\/\/www.notredamedelaconfiance.fr\/index.php\/wp-json\/wp\/v2\/comments?post=495"}],"version-history":[{"count":1,"href":"https:\/\/www.notredamedelaconfiance.fr\/index.php\/wp-json\/wp\/v2\/posts\/495\/revisions"}],"predecessor-version":[{"id":496,"href":"https:\/\/www.notredamedelaconfiance.fr\/index.php\/wp-json\/wp\/v2\/posts\/495\/revisions\/496"}],"wp:attachment":[{"href":"https:\/\/www.notredamedelaconfiance.fr\/index.php\/wp-json\/wp\/v2\/media?parent=495"}],"wp:term":[{"taxonomy":"category","embeddable":true,"href":"https:\/\/www.notredamedelaconfiance.fr\/index.php\/wp-json\/wp\/v2\/categories?post=495"},{"taxonomy":"post_tag","embeddable":true,"href":"https:\/\/www.notredamedelaconfiance.fr\/index.php\/wp-json\/wp\/v2\/tags?post=495"}],"curies":[{"name":"wp","href":"https:\/\/api.w.org\/{rel}","templated":true}]}}