{"id":499,"date":"2020-03-30T08:54:10","date_gmt":"2020-03-30T06:54:10","guid":{"rendered":"https:\/\/www.notredamedelaconfiance.fr\/?p=499"},"modified":"2020-03-30T08:54:10","modified_gmt":"2020-03-30T06:54:10","slug":"des-croyants-vigoureux-dans-la-foi-et-la-fraternite-en-temps-de-confinement-2","status":"publish","type":"post","link":"https:\/\/www.notredamedelaconfiance.fr\/index.php\/2020\/03\/30\/des-croyants-vigoureux-dans-la-foi-et-la-fraternite-en-temps-de-confinement-2\/","title":{"rendered":"des croyants vigoureux dans la foi et la fraternit\u00e9 en temps de confinement"},"content":{"rendered":"\n<p><strong>Aujourd\u2019hui 30 mars 2020, lundi de la 5<sup>\u00e8me<\/sup><\/strong><strong> semaine de car\u00eame<\/strong><\/p>\n\n\n\n<figure class=\"wp-block-image\"><img decoding=\"async\" src=\"https:\/\/www.notredamedelaconfiance.fr\/wp-content\/uploads\/2020\/03\/suzanne_veronese-1024x886.jpg\" alt=\"\" class=\"wp-image-498\"\/><\/figure>\n\n\n\n<p><strong>Prions<\/strong><\/p>\n\n\n\n<p>Tu le vois, Seigneur, t\u2019es enfants humains pr\u00e9f\u00e8rent souvent les t\u00e9n\u00e8bres \u00e0 la lumi\u00e8re et ils condamnent ceux qui les appellent \u00e0 se retrouver vers la lumi\u00e8re.<\/p>\n\n\n\n<p>Prend piti\u00e9 de nous et conduis-nous paiement dans les pas de ton Fils J\u00e9sus qui nous d\u00e9livre des t\u00e9n\u00e8bres et nous fait entrer dans ta lumi\u00e8re par sa Passion et par sa R\u00e9surrection.<\/p>\n\n\n\n<p>Lui qui \u2026<\/p>\n\n\n\n<p><strong>Dans la Parole de Dieu aujourd\u2019hui<\/strong> (Dn 13, 42-43)&nbsp;:&nbsp;&nbsp;<\/p>\n\n\n\n<p>Alors elle cria d\u2019une voix forte&nbsp;: \u00ab&nbsp;Dieu \u00e9ternel, toi qui p\u00e9n\u00e8tres les secrets, toi qui connais toutes choses avant qu\u2019elles n\u2019arrivent, tu sais qu\u2019ils ont port\u00e9 contre moi un faux t\u00e9moignage. Voici que je vais mourir, sans avoir rien fait de tout ce que leur m\u00e9chancet\u00e9 a imagin\u00e9 contre moi.&nbsp;\u00bb<\/p>\n\n\n\n<p><strong>Dans l\u2019Evangile d\u2019aujourd\u2019hui<\/strong> (Jean n8, 12)&nbsp;:&nbsp;&nbsp;<\/p>\n\n\n\n<p>De nouveau, J\u00e9sus leur parla&nbsp;: \u00ab&nbsp;Moi, je suis la lumi\u00e8re du monde. Celui qui me suit ne marchera pas dans les t\u00e9n\u00e8bres, il aura la lumi\u00e8re de la vie.&nbsp;\u00bb<\/p>\n\n\n\n<p><em>L\u2019histoire de Suzanne et des deux vieux pervers est caricaturale de nos mauvais plis incrust\u00e9s dans nos cultures et nos soci\u00e9t\u00e9s.<\/em><\/p>\n\n\n\n<p><em>L\u2019intervention du jeune Daniel a sauv\u00e9 Suzanne de l\u2019injuste condamnation \u00e0 mort parce qu\u2019il s\u2019est laiss\u00e9 conduire par Dieu.<\/em><\/p>\n\n\n\n<p><em>C\u2019est ce que fait J\u00e9sus en tous ses gestes et paroles et c\u2019est en cela qu\u2019il est la Lumi\u00e8re du monde.<\/em><\/p>\n\n\n\n<p><em>Demandons la gr\u00e2ce d\u2019\u00eatre guid\u00e9s concr\u00e8tement par l\u2019Esprit Saint dans tous nos actes. Demandons aussi le courage d\u2019abandonner nos peurs de nous lasser uniquement guider par Lui<\/em><\/p>\n\n\n\n<p><strong>Psaume 22 <\/strong>(23)<\/p>\n\n\n\n<p>Le Seigneur est mon berger :<\/p>\n\n\n\n<p>je ne manque de rien.<\/p>\n\n\n\n<p>Sur des pr\u00e9s d\u2019herbe fra\u00eeche,<\/p>\n\n\n\n<p>il me fait reposer.<\/p>\n\n\n\n<p>Il me m\u00e8ne vers les eaux tranquilles<\/p>\n\n\n\n<p>et me fait revivre ;<\/p>\n\n\n\n<p>il me conduit par le juste chemin<\/p>\n\n\n\n<p>pour l\u2019honneur de son nom.<\/p>\n\n\n\n<p>Si je traverse les ravins de la mort,<\/p>\n\n\n\n<p>je ne crains aucun mal,<\/p>\n\n\n\n<p>car tu es avec moi :<\/p>\n\n\n\n<p>ton b\u00e2ton me guide et me rassure.<\/p>\n\n\n\n<p>Tu pr\u00e9pares la table pour moi<\/p>\n\n\n\n<p>devant mes ennemis ;<\/p>\n\n\n\n<p>tu r\u00e9pands le parfum sur ma t\u00eate,<\/p>\n\n\n\n<p>ma coupe est d\u00e9bordante.<\/p>\n\n\n\n<p>Gr\u00e2ce et bonheur m\u2019accompagnent<\/p>\n\n\n\n<p>tous les jours de ma vie ;<\/p>\n\n\n\n<p>j\u2019habiterai la maison du Seigneur<\/p>\n\n\n\n<p>pour la dur\u00e9e de mes jours.<\/p>\n\n\n\n<p><strong>Intention de pri\u00e8re pour aujourd\u2019hui&nbsp;:&nbsp;&nbsp;<\/strong><\/p>\n\n\n\n<ul class=\"wp-block-list\"><li>Prions pour la d\u00e9livrance des femmes, comme Suzanne, victimes d\u2019agression et prions pour la conversion et le repentir de leurs agresseurs.<\/li><\/ul>\n\n\n\n<p><strong>Intention d\u2019action pour aujourd\u2019hui&nbsp;:&nbsp;&nbsp;<\/strong><\/p>\n\n\n\n<ul class=\"wp-block-list\"><li>En famille, pardonnons-nous mutuellement plut\u00f4t que de nous accuser mutuellement.<\/li><\/ul>\n\n\n\n<figure class=\"wp-block-image\"><img decoding=\"async\" src=\"https:\/\/www.notredamedelaconfiance.fr\/wp-content\/uploads\/2020\/03\/le-seigneur-est-mon-berger-JFK.gif\" alt=\"\" class=\"wp-image-497\"\/><\/figure>\n","protected":false},"excerpt":{"rendered":"<p>Aujourd\u2019hui 30 mars 2020, lundi de la 5\u00e8me semaine de car\u00eame Prions Tu le vois, Seigneur, t\u2019es enfants humains pr\u00e9f\u00e8rent souvent les t\u00e9n\u00e8bres \u00e0 la lumi\u00e8re et ils condamnent ceux qui les appellent \u00e0 se retrouver vers la lumi\u00e8re. Prend piti\u00e9 de nous et conduis-nous paiement dans les pas de ton Fils J\u00e9sus qui nous [&hellip;]<\/p>\n","protected":false},"author":4,"featured_media":0,"comment_status":"closed","ping_status":"open","sticky":false,"template":"","format":"standard","meta":{"footnotes":""},"categories":[1],"tags":[],"class_list":["post-499","post","type-post","status-publish","format-standard","hentry","category-info"],"_links":{"self":[{"href":"https:\/\/www.notredamedelaconfiance.fr\/index.php\/wp-json\/wp\/v2\/posts\/499","targetHints":{"allow":["GET"]}}],"collection":[{"href":"https:\/\/www.notredamedelaconfiance.fr\/index.php\/wp-json\/wp\/v2\/posts"}],"about":[{"href":"https:\/\/www.notredamedelaconfiance.fr\/index.php\/wp-json\/wp\/v2\/types\/post"}],"author":[{"embeddable":true,"href":"https:\/\/www.notredamedelaconfiance.fr\/index.php\/wp-json\/wp\/v2\/users\/4"}],"replies":[{"embeddable":true,"href":"https:\/\/www.notredamedelaconfiance.fr\/index.php\/wp-json\/wp\/v2\/comments?post=499"}],"version-history":[{"count":1,"href":"https:\/\/www.notredamedelaconfiance.fr\/index.php\/wp-json\/wp\/v2\/posts\/499\/revisions"}],"predecessor-version":[{"id":500,"href":"https:\/\/www.notredamedelaconfiance.fr\/index.php\/wp-json\/wp\/v2\/posts\/499\/revisions\/500"}],"wp:attachment":[{"href":"https:\/\/www.notredamedelaconfiance.fr\/index.php\/wp-json\/wp\/v2\/media?parent=499"}],"wp:term":[{"taxonomy":"category","embeddable":true,"href":"https:\/\/www.notredamedelaconfiance.fr\/index.php\/wp-json\/wp\/v2\/categories?post=499"},{"taxonomy":"post_tag","embeddable":true,"href":"https:\/\/www.notredamedelaconfiance.fr\/index.php\/wp-json\/wp\/v2\/tags?post=499"}],"curies":[{"name":"wp","href":"https:\/\/api.w.org\/{rel}","templated":true}]}}