{"id":503,"date":"2020-03-31T09:41:46","date_gmt":"2020-03-31T07:41:46","guid":{"rendered":"https:\/\/www.notredamedelaconfiance.fr\/?p=503"},"modified":"2020-03-31T09:41:46","modified_gmt":"2020-03-31T07:41:46","slug":"des-croyant-vigoureux-dans-la-foin-et-la-fraternite-en-temps-de-confinement","status":"publish","type":"post","link":"https:\/\/www.notredamedelaconfiance.fr\/index.php\/2020\/03\/31\/des-croyant-vigoureux-dans-la-foin-et-la-fraternite-en-temps-de-confinement\/","title":{"rendered":"Des croyant vigoureux dans la foin et la fraternit\u00e9 en temps de confinement"},"content":{"rendered":"\n<p>Bonjour \u00e0 tous.<\/p>\n\n\n\n<p>Je vous esp\u00e8re en bonne sant\u00e9 et j\u2019esp\u00e8re que vos proches et amis se portent bien aussi.<\/p>\n\n\n\n<p>A vrai dire, nous avons tous, probablement, des connaissances qui sont malades. Beaucoup d\u2019entre nous connaissent aussi des personnes qui sont d\u00e9c\u00e9d\u00e9es.<\/p>\n\n\n\n<p>Que ce lien quotidien soit aussi un soutien dans la peine ou l\u2019inqui\u00e9tude afin que nous surmontions cette \u00e9preuve par un surcro\u00eet de foi et de fraternit\u00e9.<\/p>\n\n\n\n<p>Avant de vous partager la pri\u00e8re d\u2019aujourd\u2019hui, je vous propose de nous r\u00e9unir virtuellement demain soir pour remplacer la rencontre de car\u00eame du mercredi \u00ab&nbsp;Pour mieux vivre la Messe&nbsp;\u00bb. Ce sera la derni\u00e8re r\u00e9union de ce type, mais si vous n\u2019avez pas particip\u00e9 aux pr\u00e9c\u00e9dentes, vous ne serez pas perdu pour autant.<\/p>\n\n\n\n<p>Pour participer, il suffit de cliquer sur le lien suivant et de vous laisser guider par Zoom &nbsp;:&nbsp;<\/p>\n\n\n\n<figure class=\"wp-block-embed\"><div class=\"wp-block-embed__wrapper\">\nhttps:\/\/us04web.zoom.us\/j\/311238317\n<\/div><\/figure>\n\n\n\n<p>ID de r\u00e9union : 311 238 317<\/p>\n\n\n\n<p><strong>Aujourd\u2019hui 31 mars 2020, mardi de la 5<\/strong><strong><sup>\u00e8me<\/sup><\/strong><strong>, semaine de car\u00eame<\/strong><\/p>\n\n\n\n<figure class=\"wp-block-image\"><img decoding=\"async\" src=\"https:\/\/www.notredamedelaconfiance.fr\/wp-content\/uploads\/2020\/03\/serpent-dairain.jpg\" alt=\"\" class=\"wp-image-502\"\/><\/figure>\n\n\n\n<p><strong>Prions<\/strong> (pri\u00e8re du Missel Romain pur la Messe pour ces qui ont faim (adapt\u00e9e \u00e0 notre situation)\u00b0:<\/p>\n\n\n\n<p>Tu veux que nous soyons, Seigneur, le instruments de ton amour pour toute cr\u00e9ature.<\/p>\n\n\n\n<p>Inspire-nous une charit\u00e9 plus vive envers nos fr\u00e8res qui souffrent de la maladie.<\/p>\n\n\n\n<p>Montre-nous comment lutter contre ce fl\u00e9au, aise-nous \u00e0 le vaincre avec eux, avons qu\u2019ils aient un sort plus humain et puissent reconna\u00eetre que tu les aimes. Par J\u00e9sus-Christ.<\/p>\n\n\n\n<p><strong>Dans la Parole de Dieu aujourd\u2019hui<\/strong> (Nombres 21, 7)&nbsp;:&nbsp;<\/p>\n\n\n\n<p>Le peuple vint vers Mo\u00efse et dit&nbsp;: \u00ab&nbsp;Nous avons p\u00e9ch\u00e9, en r\u00e9criminant contre le Seigneur et contre toi. Interc\u00e8de aupr\u00e8s du Seigneur pour qu\u2019il \u00e9loigne de nous les serpents.&nbsp;\u00bb Mo\u00efse interc\u00e9da pour le peuple.<\/p>\n\n\n\n<p><strong>Dans l\u2019Evangile d\u2019aujourd\u2019hui<\/strong> (Jean 8, 28)&nbsp;:&nbsp;<\/p>\n\n\n\n<p>J\u00e9sus leur d\u00e9clara&nbsp;: \u00ab&nbsp;Quand vous aurez \u00e9lev\u00e9 le Fils de l\u2019homme, alors vous comprendrez que moi, JE SUIS, et que je ne fais rien de moi-m\u00eame&nbsp;; ce que je dis l\u00e0, je le dis comme le P\u00e8re me l\u2019a enseign\u00e9.<\/p>\n\n\n\n<p><em>Dans l\u2019exp\u00e9rience du peuple h\u00e9breu dans le d\u00e9sert, la tentation est forte de r\u00e9criminer contre Dieu et contre son sort. Un fl\u00e9au mortel les atteint avec des serpents venimeux. Alors ils prient demandant d\u2019en \u00eatre d\u00e9livr\u00e9s.<\/em><\/p>\n\n\n\n<p><em>Prenons conscience que nous, les humains, sommes en grande partie responsable du d\u00e9r\u00e8glement de la nature et des fl\u00e9aux g\u00e9n\u00e9r\u00e9s par, ces d\u00e9r\u00e8glements.<\/em><\/p>\n\n\n\n<p><em>Prions, implorons Dieu d\u2019en \u00eatre d\u00e9livr\u00e9s et surtout de changer nos coeurs \u00e0 tous.<\/em><\/p>\n\n\n\n<p><em>C\u2019est en J\u00e9sus que Dieu exauce notre pri\u00e8re&nbsp;:&nbsp; Lui J\u00e9sus prend nos p\u00e9ch\u00e9s sur lui. Il les d\u00e9sactive sur sa croix. Il est Dieu le Fils (JE SUIS) qui fait tout en communion totale avec Dieu le P\u00e8re. Il nous donne Dieu l\u2019Esprit Saint pour que nus fassions nous aussi la volont\u00e9 du P\u00e8re.<\/em><\/p>\n\n\n\n<p><strong>Psaume 101 (102)<\/strong><\/p>\n\n\n\n<p>Seigneur, entends ma pri\u00e8re :&nbsp;<\/p>\n\n\n\n<p>que mon cri parvienne jusqu&rsquo;\u00e0 toi !<\/p>\n\n\n\n<p>Ne me cache pas ton visage&nbsp;<\/p>\n\n\n\n<p>le jour o\u00f9 je suis en d\u00e9tresse !&nbsp;<\/p>\n\n\n\n<p>Le jour o\u00f9 j&rsquo;appelle, \u00e9coute-moi ;&nbsp;<\/p>\n\n\n\n<p>viens vite, r\u00e9ponds-moi !<\/p>\n\n\n\n<p>Mes jours s&rsquo;en vont en fum\u00e9e,&nbsp;<\/p>\n\n\n\n<p>mes os comme un brasier sont en feu ;<\/p>\n\n\n\n<p>mon coeur se dess\u00e8che comme l&rsquo;herbe fauch\u00e9e,&nbsp;<\/p>\n\n\n\n<p>j&rsquo;oublie de manger mon pain ;<\/p>\n\n\n\n<p>\u00e0 force de crier ma plainte,&nbsp;<\/p>\n\n\n\n<p>ma peau colle \u00e0 mes os.<\/p>\n\n\n\n<p>Je ressemble au corbeau du d\u00e9sert,&nbsp;<\/p>\n\n\n\n<p>je suis pareil \u00e0 la hulotte des ruines :<\/p>\n\n\n\n<p>je veille la nuit,&nbsp;<\/p>\n\n\n\n<p>comme un oiseau solitaire sur un toit.<\/p>\n\n\n\n<p>Le jour, mes ennemis m&rsquo;outragent ;&nbsp;<\/p>\n\n\n\n<p>dans leur rage contre moi, ils me maudissent.<\/p>\n\n\n\n<p>La cendre est le pain que je mange,&nbsp;<\/p>\n\n\n\n<p>je m\u00eale \u00e0 ma boisson mes larmes.<\/p>\n\n\n\n<p>Dans ton indignation, dans ta col\u00e8re,&nbsp;<\/p>\n\n\n\n<p>tu m&rsquo;as saisi et rejet\u00e9 :<\/p>\n\n\n\n<p>l&rsquo;ombre gagne sur mes jours,&nbsp;<\/p>\n\n\n\n<p>et moi, je me dess\u00e8che comme l&rsquo;herbe.<\/p>\n\n\n\n<p>Mais toi, Seigneur, tu es l\u00e0 pour toujours ;&nbsp;<\/p>\n\n\n\n<p>d&rsquo;\u00e2ge en \u00e2ge on fera m\u00e9moire de toi.<\/p>\n\n\n\n<p>Toi, tu montreras ta tendresse pour Sion ;&nbsp;<\/p>\n\n\n\n<p>il est temps de la prendre en piti\u00e9 : l&rsquo;heure est venue.<\/p>\n\n\n\n<p>Tes serviteurs ont piti\u00e9 de ses ruines,&nbsp;<\/p>\n\n\n\n<p>ils aiment jusqu&rsquo;\u00e0 sa poussi\u00e8re.<\/p>\n\n\n\n<p>Les nations craindront le nom du Seigneur,&nbsp;<\/p>\n\n\n\n<p>et tous les rois de la terre, sa gloire :<\/p>\n\n\n\n<p>quand le Seigneur reb\u00e2tira Sion,&nbsp;<\/p>\n\n\n\n<p>quand il appara\u00eetra dans sa gloire,<\/p>\n\n\n\n<p>il se tournera vers la pri\u00e8re du spoli\u00e9,<\/p>\n\n\n\n<p>il n&rsquo;aura pas m\u00e9pris\u00e9 sa pri\u00e8re.<\/p>\n\n\n\n<p>Que cela soit \u00e9crit pour l&rsquo;\u00e2ge \u00e0 venir,&nbsp;<\/p>\n\n\n\n<p>et le peuple \u00e0 nouveau cr\u00e9\u00e9 chantera son Dieu :<\/p>\n\n\n\n<p>\u00ab Des hauteurs, son sanctuaire, le Seigneur s&rsquo;est pench\u00e9 ;&nbsp;<\/p>\n\n\n\n<p>du ciel, il regarde la terre<\/p>\n\n\n\n<p>pour entendre la plainte des captifs&nbsp;<\/p>\n\n\n\n<p>et lib\u00e9rer ceux qui devaient mourir. \u00bb<\/p>\n\n\n\n<p>On publiera dans Sion le nom du Seigneur&nbsp;<\/p>\n\n\n\n<p>et sa louange dans tout J\u00e9rusalem,<\/p>\n\n\n\n<p>au rassemblement des royaumes et des peuples&nbsp;<\/p>\n\n\n\n<p>qui viendront servir le Seigneur.<\/p>\n\n\n\n<p>Il a bris\u00e9 ma force en chemin,&nbsp;<\/p>\n\n\n\n<p>r\u00e9duit le nombre de mes jours.<\/p>\n\n\n\n<p>Et j&rsquo;ai dit : \u00ab Mon Dieu,&nbsp;<\/p>\n\n\n\n<p>ne me prends pas au milieu de mes jours ! \u00bb&nbsp;<\/p>\n\n\n\n<p>Tes ann\u00e9es recouvrent tous les temps : +<\/p>\n\n\n\n<p>autrefois tu as fond\u00e9 la terre ;&nbsp;<\/p>\n\n\n\n<p>le ciel est l&rsquo;ouvrage de tes mains.<\/p>\n\n\n\n<p>Ils passent, mais toi, tu demeures : +&nbsp;<\/p>\n\n\n\n<p>ils s&rsquo;usent comme un habit, l&rsquo;un et l&rsquo;autre ;&nbsp;<\/p>\n\n\n\n<p>tu les remplaces comme un v\u00eatement.<\/p>\n\n\n\n<p>Toi, tu es le m\u00eame ;&nbsp;<\/p>\n\n\n\n<p>tes ann\u00e9es ne finissent pas.<\/p>\n\n\n\n<p>Les fils de tes serviteurs trouveront un s\u00e9jour,&nbsp;<\/p>\n\n\n\n<p>et devant toi se maintiendra leur descendance.<\/p>\n\n\n\n<p><strong>Intention de pri\u00e8re pour aujourd\u2019hui&nbsp;:<\/strong>&nbsp;<\/p>\n\n\n\n<ul class=\"wp-block-list\"><li>Prions pour que, chacun \u00e0 son. niveau, nous pr\u00e9parions la sortie du confinement et de la pand\u00e9mie en choisissant de vivre diff\u00e9remment avant le coronavirus&nbsp;:&nbsp; plus simplement, plus respectueux de la nature, plus fraternellement, moins avides, moins \u00e9go\u00efstes, moins dominateurs.<\/li><\/ul>\n\n\n\n<p><strong>intention d\u2019action pour aujourd\u2019hui&nbsp;:&nbsp;<\/strong><\/p>\n\n\n\n<ul class=\"wp-block-list\"><li>Prenons un soin plus attentif aux \u00eatres vivants non humains dans notre appartement&nbsp;:&nbsp; les plantes, le chien, le chat, les passons rouges, \u2026 est m\u00eame les araign\u00e9es avec qui nous partageons le m\u00eame air et la m\u00eame plan\u00e8te que Dieu nus donne.<\/li><\/ul>\n\n\n\n<figure class=\"wp-block-image\"><img decoding=\"async\" src=\"https:\/\/www.notredamedelaconfiance.fr\/wp-content\/uploads\/2020\/03\/serpent-dairain-et-Mo\u00efse-trait.jpg\" alt=\"\" class=\"wp-image-501\"\/><\/figure>\n","protected":false},"excerpt":{"rendered":"<p>Bonjour \u00e0 tous. Je vous esp\u00e8re en bonne sant\u00e9 et j\u2019esp\u00e8re que vos proches et amis se portent bien aussi. A vrai dire, nous avons tous, probablement, des connaissances qui sont malades. Beaucoup d\u2019entre nous connaissent aussi des personnes qui sont d\u00e9c\u00e9d\u00e9es. Que ce lien quotidien soit aussi un soutien dans la peine ou l\u2019inqui\u00e9tude [&hellip;]<\/p>\n","protected":false},"author":4,"featured_media":0,"comment_status":"closed","ping_status":"open","sticky":false,"template":"","format":"standard","meta":{"footnotes":""},"categories":[1],"tags":[],"class_list":["post-503","post","type-post","status-publish","format-standard","hentry","category-info"],"_links":{"self":[{"href":"https:\/\/www.notredamedelaconfiance.fr\/index.php\/wp-json\/wp\/v2\/posts\/503","targetHints":{"allow":["GET"]}}],"collection":[{"href":"https:\/\/www.notredamedelaconfiance.fr\/index.php\/wp-json\/wp\/v2\/posts"}],"about":[{"href":"https:\/\/www.notredamedelaconfiance.fr\/index.php\/wp-json\/wp\/v2\/types\/post"}],"author":[{"embeddable":true,"href":"https:\/\/www.notredamedelaconfiance.fr\/index.php\/wp-json\/wp\/v2\/users\/4"}],"replies":[{"embeddable":true,"href":"https:\/\/www.notredamedelaconfiance.fr\/index.php\/wp-json\/wp\/v2\/comments?post=503"}],"version-history":[{"count":1,"href":"https:\/\/www.notredamedelaconfiance.fr\/index.php\/wp-json\/wp\/v2\/posts\/503\/revisions"}],"predecessor-version":[{"id":504,"href":"https:\/\/www.notredamedelaconfiance.fr\/index.php\/wp-json\/wp\/v2\/posts\/503\/revisions\/504"}],"wp:attachment":[{"href":"https:\/\/www.notredamedelaconfiance.fr\/index.php\/wp-json\/wp\/v2\/media?parent=503"}],"wp:term":[{"taxonomy":"category","embeddable":true,"href":"https:\/\/www.notredamedelaconfiance.fr\/index.php\/wp-json\/wp\/v2\/categories?post=503"},{"taxonomy":"post_tag","embeddable":true,"href":"https:\/\/www.notredamedelaconfiance.fr\/index.php\/wp-json\/wp\/v2\/tags?post=503"}],"curies":[{"name":"wp","href":"https:\/\/api.w.org\/{rel}","templated":true}]}}