{"id":540,"date":"2020-04-08T09:07:42","date_gmt":"2020-04-08T07:07:42","guid":{"rendered":"https:\/\/www.notredamedelaconfiance.fr\/?p=540"},"modified":"2020-04-08T09:07:42","modified_gmt":"2020-04-08T07:07:42","slug":"des-croyants-vigoureux-dans-la-foi-et-la-fraternite-en-temps-de-confinement-21","status":"publish","type":"post","link":"https:\/\/www.notredamedelaconfiance.fr\/index.php\/2020\/04\/08\/des-croyants-vigoureux-dans-la-foi-et-la-fraternite-en-temps-de-confinement-21\/","title":{"rendered":"des croyants vigoureux dans la foi et la fraternit\u00e9 en temps de confinement 21"},"content":{"rendered":"\n<p>Bonjour \u00e0 tous et bienvenue aux chefs scouts de la Confiance que je n\u2019avais toujours pas mis dans ma liste de diffusion (pardon)&nbsp;!&nbsp;Vous \u00eates plus de 80 destinataires \u00e0 pr\u00e9sent.<\/p>\n\n\n\n<p>Je vous invite particuli\u00e8rement \u00e0 suivre et prier lors de la Messe chrismale retransmise sur KTO \u00e0 18h30 ce soir.<\/p>\n\n\n\n<p><strong>Aujourd\u2019hui 8 avril 2020, mercredi saint<\/strong><\/p>\n\n\n\n<figure class=\"wp-block-image\"><img decoding=\"async\" src=\"https:\/\/www.notredamedelaconfiance.fr\/wp-content\/uploads\/2020\/04\/messe-chrismale-17-avril-2019-1024x681.jpg\" alt=\"\" class=\"wp-image-538\"\/><figcaption>17 avril 2019 : Messe chrismale en l&rsquo;\u00e9glise Saint-Sulpice. Paris (75), France.<\/figcaption><\/figure>\n\n\n\n<p>jour o\u00f9 notre Archev\u00eaque c\u00e9l\u00e8bre la Messe chrismale pour notre dioc\u00e8se<\/p>\n\n\n\n<p><strong>Prions<\/strong> (oraison de la Messe chrismale)<\/p>\n\n\n\n<p>Dieu tout-puissant,<\/p>\n\n\n\n<p>toi qui as consacr\u00e9 ton Fils unique par l\u2019Esprit Saint<\/p>\n\n\n\n<p>\tet qui l\u2019as \u00e9tabli Christ et Seigneur, nous rte prions&nbsp;:&nbsp;<\/p>\n\n\n\n<p>Puisque tu nous as consacr\u00e9s en lui,&nbsp;<\/p>\n\n\n\n<p>fais que nous soyons pour le monde<\/p>\n\n\n\n<p>l\tes t\u00e9moins d\u2019un \u00e9vangile de salut.<\/p>\n\n\n\n<p>Par J\u00e9sus-Christ \u2026<\/p>\n\n\n\n<p><strong>Dans la Parole de Dieu aujourd\u2019hui<\/strong> (Isa\u00efe 61, 1-3a)&nbsp;:&nbsp;<\/p>\n\n\n\n<p>L\u2019esprit du Seigneur Dieu est sur moi parce que le Seigneur m\u2019a consacr\u00e9 par l\u2019onction.&nbsp;<\/p>\n\n\n\n<p>Il m\u2019a envoy\u00e9 annoncer la bonne nouvelle aux humbles, gu\u00e9rir ceux qui ont le c\u0153ur bris\u00e9, proclamer aux captifs leur d\u00e9livrance, aux prisonniers leur lib\u00e9ration,<\/p>\n\n\n\n<p>proclamer une ann\u00e9e de bienfaits accord\u00e9e par le Seigneur, et un jour de vengeance pour notre Dieu, consoler tous ceux qui sont en deuil,<\/p>\n\n\n\n<p>ceux qui sont en deuil dans Sion, mettre le diad\u00e8me sur leur t\u00eate au lieu de la cendre, l\u2019huile de joie au lieu du deuil, un habit de f\u00eate au lieu d\u2019un esprit abattu.<\/p>\n\n\n\n<p><strong>Dans la deuxi\u00e8me lecture<\/strong> (Apocalypse 1, 5b-6)&nbsp;:&nbsp;<\/p>\n\n\n\n<p>\u00c0 lui qui nous aime, qui nous a d\u00e9livr\u00e9s de nos p\u00e9ch\u00e9s par son sang,<\/p>\n\n\n\n<p>qui a fait de nous un royaume et des pr\u00eatres pour son Dieu et P\u00e8re, \u00e0 lui, la gloire et la souverainet\u00e9 pour les si\u00e8cles des si\u00e8cles. Amen.<\/p>\n\n\n\n<p><strong>Et dans l\u2019Evangile<\/strong> (Luc 4, 20-21)&nbsp;:&nbsp;<\/p>\n\n\n\n<p>J\u00e9sus referma le livre, le rendit au servant et s\u2019assit.&nbsp;<\/p>\n\n\n\n<p>Tous, dans la synagogue, avaient les yeux fix\u00e9s sur lui.<\/p>\n\n\n\n<p>Alors il se mit \u00e0 leur dire&nbsp;:&nbsp;<\/p>\n\n\n\n<p>\u00ab&nbsp;Aujourd\u2019hui s\u2019accomplit ce passage de l\u2019\u00c9criture que vous venez d\u2019entendre.&nbsp;\u00bb<\/p>\n\n\n\n<p><em>Lors de la Messe chrismale, l\u2019\u00e9v\u00eaque de chaque dioc\u00e8se consacre et b\u00e9nit les huiles qui serviront pour les sacrements pendant toute l\u2019ann\u00e9e&nbsp;:&nbsp; le saint Chr\u00eame pour les Bapt\u00eames, les confirmations, les Ordinations, l\u2019Huile des cat\u00e9chum\u00e8nes pour fortifier les cat\u00e9chum\u00e8nes dans leur cheminement, et l\u2019Huile des Malades pour le, sacrement de l\u2019onction des malades.<\/em><\/p>\n\n\n\n<p><em>A cette occasion dioc\u00e9saine, pr\u00eatres et diacres renouvellent les promesses de leur ordination.<\/em><\/p>\n\n\n\n<p><em>Nous pouvant nous associer \u00e0 cette Messe, visible sur KTO \u00e0 18h30, pour prier et rend<\/em><\/p>\n\n\n\n<p><em>forcer notre sens de l\u2019Eglise \u00e0 qui le Seigneur donne tous les moyens d\u2019accomplir sa mission dans le monde.<\/em><\/p>\n\n\n\n<p><strong>Intention de pri\u00e8re pour aujourd\u2019hui&nbsp;:&nbsp;<\/strong><\/p>\n\n\n\n<ul class=\"wp-block-list\"><li>Prions particuli\u00e8rement pour les diacres et les pr\u00eatres, auxquels on peut ajouter les s\u00e9minaristes et les hommes en cheminement vers le diaconat avec leurs \u00e9pouses.<\/li><\/ul>\n\n\n\n<p><strong>Intention d\u2018action pour aujourd\u2019hui<\/strong><\/p>\n\n\n\n<ul class=\"wp-block-list\"><li>C\u2019est un bon jour pour envoyer sa participation au Denier de l\u2019Eglise, qui sert principalement \u00e0 faire vivre les pr\u00eatres dioc\u00e9sains.<\/li><\/ul>\n\n\n\n<p><strong>Psaume 88 (89)<\/strong> (Il est un peu long, mais tellement beau. C\u2019est pourquoi je le mets en dernier)<\/p>\n\n\n\n<p>L&rsquo;amour du Seigneur, sans fin je le chante ;&nbsp;<\/p>\n\n\n\n<p>ta fid\u00e9lit\u00e9, je l&rsquo;annonce d&rsquo;\u00e2ge en \u00e2ge.<\/p>\n\n\n\n<p>Je le dis : C&rsquo;est un amour b\u00e2ti pour toujours ;&nbsp;<\/p>\n\n\n\n<p>ta fid\u00e9lit\u00e9 est plus stable que les cieux.<\/p>\n\n\n\n<p>\u00ab Avec mon \u00e9lu, j&rsquo;ai fait une alliance,&nbsp;<\/p>\n\n\n\n<p>j&rsquo;ai jur\u00e9 \u00e0 David, mon serviteur :<\/p>\n\n\n\n<p>J&rsquo;\u00e9tablirai ta dynastie pour toujours,&nbsp;<\/p>\n\n\n\n<p>je te b\u00e2tis un tr\u00f4ne pour la suite des \u00e2ges. \u00bb<\/p>\n\n\n\n<p>Que les cieux rendent gr\u00e2ce pour ta merveille,&nbsp;<\/p>\n\n\n\n<p>Seigneur, et l&rsquo;assembl\u00e9e des saints, pour ta fid\u00e9lit\u00e9.<\/p>\n\n\n\n<p>Qui donc, l\u00e0-haut, est comparable au Seigneur ?&nbsp;<\/p>\n\n\n\n<p>Qui d&rsquo;entre les dieux est semblable au Seigneur ?<\/p>\n\n\n\n<p>Parmi tous les saints, Dieu est redoutable,&nbsp;<\/p>\n\n\n\n<p>plus terrible que tous ceux qui l&rsquo;environnent.<\/p>\n\n\n\n<p>Seigneur, Dieu de l&rsquo;univers, qui est comme toi,&nbsp;<\/p>\n\n\n\n<p>Seigneur puissant que ta fid\u00e9lit\u00e9 environne ?<\/p>\n\n\n\n<p>C&rsquo;est toi qui ma\u00eetrises l&rsquo;orgueil de la mer ;&nbsp;<\/p>\n\n\n\n<p>quand ses flots se soul\u00e8vent, c&rsquo;est toi qui les apaises.<\/p>\n\n\n\n<p>C&rsquo;est toi qui pi\u00e9tinas la d\u00e9pouille de Rahab ;&nbsp;<\/p>\n\n\n\n<p>par la force de ton bras, tu dispersas tes ennemis.<\/p>\n\n\n\n<p>A toi, le ciel ! A toi aussi, la terre !&nbsp;<\/p>\n\n\n\n<p>C&rsquo;est toi qui fondas le monde et sa richesse !<\/p>\n\n\n\n<p>C&rsquo;est toi qui cr\u00e9as le nord et le midi :&nbsp;<\/p>\n\n\n\n<p>le Tabor et l&rsquo;Hermon, \u00e0 ton nom, crient de joie.<\/p>\n\n\n\n<p>A toi, ce bras, et toute sa vaillance !&nbsp;<\/p>\n\n\n\n<p>Puissante est ta main, sublime est ta droite !<\/p>\n\n\n\n<p>Justice et droit sont l&rsquo;appui de ton tr\u00f4ne.&nbsp;<\/p>\n\n\n\n<p>Amour et V\u00e9rit\u00e9 pr\u00e9c\u00e8dent ta face.<\/p>\n\n\n\n<p>Heureux le peuple qui conna\u00eet l&rsquo;ovation !&nbsp;<\/p>\n\n\n\n<p>Seigneur, il marche \u00e0 la lumi\u00e8re de ta face ;<\/p>\n\n\n\n<p>tout le jour, \u00e0 ton nom il danse de joie,&nbsp;<\/p>\n\n\n\n<p>fier de ton juste pouvoir.<\/p>\n\n\n\n<p>Tu es sa force \u00e9clatante ;&nbsp;<\/p>\n\n\n\n<p>ta gr\u00e2ce accro\u00eet notre vigueur.<\/p>\n\n\n\n<p>Oui, notre roi est au Seigneur ;&nbsp;<\/p>\n\n\n\n<p>notre bouclier, au Dieu saint d&rsquo;Isra\u00ebl.<\/p>\n\n\n\n<p>Autrefois, tu as parl\u00e9 \u00e0 tes amis,&nbsp;<\/p>\n\n\n\n<p>dans une vision tu leur as dit :&nbsp;<\/p>\n\n\n\n<p>\u00ab J&rsquo;ai donn\u00e9 mon appui \u00e0 un homme d\u2019\u00e9lite,&nbsp;<\/p>\n\n\n\n<p>j&rsquo;ai choisi dans ce peuple un jeune homme.<\/p>\n\n\n\n<p>\u00ab J&rsquo;ai trouv\u00e9 David, mon serviteur,&nbsp;<\/p>\n\n\n\n<p>je l&rsquo;ai sacr\u00e9 avec mon huile sainte ;<\/p>\n\n\n\n<p>et ma main sera pour toujours avec lui,&nbsp;<\/p>\n\n\n\n<p>mon bras fortifiera son courage.<\/p>\n\n\n\n<p>\u00ab L&rsquo;ennemi ne pourra le surprendre,&nbsp;<\/p>\n\n\n\n<p>le tra\u00eetre ne pourra le renverser ;<\/p>\n\n\n\n<p>j&rsquo;\u00e9craserai devant lui ses adversaires&nbsp;<\/p>\n\n\n\n<p>et je frapperai ses agresseurs.<\/p>\n\n\n\n<p>\u00ab Mon amour et ma fid\u00e9lit\u00e9 sont avec lui,&nbsp;<\/p>\n\n\n\n<p>mon nom accro\u00eet sa vigueur ;<\/p>\n\n\n\n<p>j&rsquo;\u00e9tendrai son pouvoir sur la mer&nbsp;<\/p>\n\n\n\n<p>et sa domination jusqu&rsquo;aux fleuves.<\/p>\n\n\n\n<p>\u00ab Il me dira : Tu es mon P\u00e8re, mon Dieu,&nbsp;<\/p>\n\n\n\n<p>mon roc et mon salut !<\/p>\n\n\n\n<p>Et moi, j&rsquo;en ferai mon fils a\u00een\u00e9,&nbsp;<\/p>\n\n\n\n<p>le plus grand des rois de la terre !<\/p>\n\n\n\n<p>\u00ab Sans fin je lui garderai mon amour,&nbsp;<\/p>\n\n\n\n<p>mon alliance avec lui sera fid\u00e8le ;<\/p>\n\n\n\n<p>je fonderai sa dynastie pour toujours,&nbsp;<\/p>\n\n\n\n<p>son tr\u00f4ne aussi durable que les cieux.<\/p>\n\n\n\n<p>\u00ab Si ses fils abandonnent ma loi&nbsp;<\/p>\n\n\n\n<p>et ne suivent pas mes volont\u00e9s,<\/p>\n\n\n\n<p>s&rsquo;ils osent violer mes pr\u00e9ceptes&nbsp;<\/p>\n\n\n\n<p>et ne gardent pas mes commandements,<\/p>\n\n\n\n<p>\u00ab je punirai leur faute en les frappant,&nbsp;<\/p>\n\n\n\n<p>et je ch\u00e2tierai leur r\u00e9volte,<\/p>\n\n\n\n<p>mais sans lui retirer mon amour,&nbsp;<\/p>\n\n\n\n<p>ni d\u00e9mentir ma fid\u00e9lit\u00e9.<\/p>\n\n\n\n<p>\u00ab Jamais je ne violerai mon alliance,&nbsp;<\/p>\n\n\n\n<p>ne changerai un mot de mes paroles.<\/p>\n\n\n\n<p>je l&rsquo;ai jur\u00e9 une fois sur ma saintet\u00e9 ;&nbsp;<\/p>\n\n\n\n<p>non, je ne mentirai pas \u00e0 David !<\/p>\n\n\n\n<p>\u00ab Sa dynastie sans fin subsistera&nbsp;<\/p>\n\n\n\n<p>et son tr\u00f4ne, comme le soleil en ma pr\u00e9sence,<\/p>\n\n\n\n<p>comme la lune \u00e9tablie pour toujours,&nbsp;<\/p>\n\n\n\n<p>fid\u00e8le t\u00e9moin l\u00e0-haut ! \u00bb<\/p>\n\n\n\n<p>Pourtant tu l&rsquo;as m\u00e9pris\u00e9, rejet\u00e9 ;&nbsp;<\/p>\n\n\n\n<p>tu t&rsquo;es emport\u00e9 contre ton messie.<\/p>\n\n\n\n<p>Tu as bris\u00e9 l&rsquo;alliance avec ton serviteur,&nbsp;<\/p>\n\n\n\n<p>jet\u00e9 \u00e0 terre et profan\u00e9 sa couronne.<\/p>\n\n\n\n<p>Tu as perc\u00e9 toutes ses murailles,&nbsp;<\/p>\n\n\n\n<p>tu as d\u00e9mantel\u00e9 ses forteresses ;<\/p>\n\n\n\n<p>tous les passants du chemin l&rsquo;ont pill\u00e9 :&nbsp;<\/p>\n\n\n\n<p>le voil\u00e0 outrag\u00e9 par ses voisins.<\/p>\n\n\n\n<p>Tu as accru le pouvoir de l&rsquo;adversaire,&nbsp;<\/p>\n\n\n\n<p>tu as mis en joie tous ses ennemis ;<\/p>\n\n\n\n<p>tu as \u00e9mouss\u00e9 le tranchant de son \u00e9p\u00e9e,&nbsp;<\/p>\n\n\n\n<p>tu ne l&rsquo;as pas \u00e9paul\u00e9 dans le combat.<\/p>\n\n\n\n<p>Tu as mis fin \u00e0 sa splendeur,&nbsp;<\/p>\n\n\n\n<p>jet\u00e9 \u00e0 terre son tr\u00f4ne ;<\/p>\n\n\n\n<p>tu as \u00e9court\u00e9 le temps de sa jeunesse&nbsp;<\/p>\n\n\n\n<p>et d\u00e9vers\u00e9 sur lui la honte.<\/p>\n\n\n\n<p>Combien de temps, Seigneur, resteras-tu cach\u00e9,&nbsp;<\/p>\n\n\n\n<p>laisseras-tu flamber le feu de ta col\u00e8re ?<\/p>\n\n\n\n<p>Rappelle-toi le peu que dure ma vie,&nbsp;<\/p>\n\n\n\n<p>pour quel n\u00e9ant tu as cr\u00e9\u00e9 chacun des hommes !<\/p>\n\n\n\n<p>Qui donc peut vivre et ne pas voir la mort ?&nbsp;<\/p>\n\n\n\n<p>Qui s&rsquo;arracherait \u00e0 l&#8217;emprise des enfers ?<\/p>\n\n\n\n<p>O\u00f9 donc, Seigneur, est ton premier amour,&nbsp;<\/p>\n\n\n\n<p>celui que tu jurais \u00e0 David sur ta foi ?<\/p>\n\n\n\n<p>Rappelle-toi, Seigneur, tes serviteurs outrag\u00e9s,<\/p>\n\n\n\n<p>&nbsp;tous ces peuples dont j&rsquo;ai re\u00e7u la charge.<\/p>\n\n\n\n<p>Oui, tes ennemis ont outrag\u00e9, Seigneur,&nbsp;<\/p>\n\n\n\n<p>poursuivi de leurs outrages ton messie.<\/p>\n\n\n\n<p>B\u00e9ni soit le Seigneur pour toujours !&nbsp;<\/p>\n\n\n\n<p>Amen ! Amen !<br><\/p>\n\n\n\n<figure class=\"wp-block-image\"><img decoding=\"async\" src=\"https:\/\/www.notredamedelaconfiance.fr\/wp-content\/uploads\/2020\/04\/onction-confirmand.png\" alt=\"\" class=\"wp-image-539\"\/><\/figure>\n","protected":false},"excerpt":{"rendered":"<p>Bonjour \u00e0 tous et bienvenue aux chefs scouts de la Confiance que je n\u2019avais toujours pas mis dans ma liste de diffusion (pardon)&nbsp;!&nbsp;Vous \u00eates plus de 80 destinataires \u00e0 pr\u00e9sent. Je vous invite particuli\u00e8rement \u00e0 suivre et prier lors de la Messe chrismale retransmise sur KTO \u00e0 18h30 ce soir. Aujourd\u2019hui 8 avril 2020, mercredi [&hellip;]<\/p>\n","protected":false},"author":4,"featured_media":0,"comment_status":"closed","ping_status":"open","sticky":false,"template":"","format":"standard","meta":{"footnotes":""},"categories":[1],"tags":[],"class_list":["post-540","post","type-post","status-publish","format-standard","hentry","category-info"],"_links":{"self":[{"href":"https:\/\/www.notredamedelaconfiance.fr\/index.php\/wp-json\/wp\/v2\/posts\/540","targetHints":{"allow":["GET"]}}],"collection":[{"href":"https:\/\/www.notredamedelaconfiance.fr\/index.php\/wp-json\/wp\/v2\/posts"}],"about":[{"href":"https:\/\/www.notredamedelaconfiance.fr\/index.php\/wp-json\/wp\/v2\/types\/post"}],"author":[{"embeddable":true,"href":"https:\/\/www.notredamedelaconfiance.fr\/index.php\/wp-json\/wp\/v2\/users\/4"}],"replies":[{"embeddable":true,"href":"https:\/\/www.notredamedelaconfiance.fr\/index.php\/wp-json\/wp\/v2\/comments?post=540"}],"version-history":[{"count":1,"href":"https:\/\/www.notredamedelaconfiance.fr\/index.php\/wp-json\/wp\/v2\/posts\/540\/revisions"}],"predecessor-version":[{"id":541,"href":"https:\/\/www.notredamedelaconfiance.fr\/index.php\/wp-json\/wp\/v2\/posts\/540\/revisions\/541"}],"wp:attachment":[{"href":"https:\/\/www.notredamedelaconfiance.fr\/index.php\/wp-json\/wp\/v2\/media?parent=540"}],"wp:term":[{"taxonomy":"category","embeddable":true,"href":"https:\/\/www.notredamedelaconfiance.fr\/index.php\/wp-json\/wp\/v2\/categories?post=540"},{"taxonomy":"post_tag","embeddable":true,"href":"https:\/\/www.notredamedelaconfiance.fr\/index.php\/wp-json\/wp\/v2\/tags?post=540"}],"curies":[{"name":"wp","href":"https:\/\/api.w.org\/{rel}","templated":true}]}}