{"id":549,"date":"2020-04-10T09:08:01","date_gmt":"2020-04-10T07:08:01","guid":{"rendered":"https:\/\/www.notredamedelaconfiance.fr\/?p=549"},"modified":"2020-04-10T09:08:01","modified_gmt":"2020-04-10T07:08:01","slug":"des-croyants-vigoureux-dana-la-foi-et-la-fraternite-en-temps-de-confinement-23","status":"publish","type":"post","link":"https:\/\/www.notredamedelaconfiance.fr\/index.php\/2020\/04\/10\/des-croyants-vigoureux-dana-la-foi-et-la-fraternite-en-temps-de-confinement-23\/","title":{"rendered":"des croyants vigoureux Dana la foi et la fraternit\u00e9 en temps de confinement 23"},"content":{"rendered":"\n<p>Bonjour \u00e0 tous.<\/p>\n\n\n\n<p>Ce soir, nous nous retrouverons \u00e0 distance pour ceux qui le souhaitent pour c\u00e9l\u00e9brer la Passion du Seigneur.<\/p>\n\n\n\n<p>Trois \u00e9tapes majeures dans cette c\u00e9l\u00e9bration&nbsp;:&nbsp;<\/p>\n\n\n\n<p>l\u2019\u00e9coute de la Passion selon St Jean,<\/p>\n\n\n\n<p>l\u2019intercession tr\u00e8s d\u00e9velopp\u00e9e pour tous les hommes pour qui J\u00e9sus a donn\u00e9 sa vie,<\/p>\n\n\n\n<p>la v\u00e9n\u00e9ration de la croix par qui J\u00e9sus nous a sauv\u00e9.<\/p>\n\n\n\n<p>En temps normal, il y a aussi la Communion au Corps du Christ qui ne nous sera pas possible, cette ann\u00e9e.<\/p>\n\n\n\n<p>Je vous invite \u00e0 pr\u00e9parer votre logement pour ce temps de pri\u00e8re avec toute l\u2019Eglise.<\/p>\n\n\n\n<p>Si vous le pouvez, disposez \u00e0 c\u00f4t\u00e9 de votre ordinateur ou de votre t\u00e9l\u00e9phone une bougie, une Bible, une image ou ne ic\u00f4ne, ainsi qu\u2019une croix portant J\u00e9sus.<\/p>\n\n\n\n<p>C\u2019est cette croix que vous pourrez v\u00e9n\u00e9rer en m\u00eame temps que tous les autres participants le ferons chez eux. Chaque personne pr\u00e9sente chez vous pourra prendre ce crucifix, l\u2019embrasser, le toucher, le contempler, en prenant le temps.<\/p>\n\n\n\n<p>Cette c\u00e9l\u00e9bration est grave et belle, toute empreinte de cet \u00e9v\u00e9nement de notre salut qu\u2019est la mort du Christ.<\/p>\n\n\n\n<p>Bon vendredi saint.<\/p>\n\n\n\n<p>Pour vous joindre \u00e0 la c\u00e9l\u00e9bration cliquez sur le lien suivant&nbsp;:&nbsp;<\/p>\n\n\n\n<figure class=\"wp-block-embed\"><div class=\"wp-block-embed__wrapper\">\nhttps:\/\/zoom.us\/j\/698030116\n<\/div><\/figure>\n\n\n\n<p>\tID de r\u00e9union : 698 030 116<\/p>\n\n\n\n<p><strong>Aujourd\u2019hui 10 avril, vendredi saint<\/strong><\/p>\n\n\n\n<figure class=\"wp-block-image\"><img decoding=\"async\" src=\"https:\/\/www.notredamedelaconfiance.fr\/wp-content\/uploads\/2020\/04\/crucifixion-Gruenewald.png\" alt=\"\" class=\"wp-image-547\"\/><\/figure>\n\n\n\n<p><strong>Prions<\/strong> (oraison de l\u2019entr\u00e9e dans la c\u00e9l\u00e9bration de la Passion)<\/p>\n\n\n\n<p>Seigneur, nous savons que tu aimes sans mesure,<\/p>\n\n\n\n<p>toi qui n\u2019as pas refus\u00e9 ton propre Fils<\/p>\n\n\n\n<p>mais qui l\u2019a livr\u00e9 pur sauver tous les hommes.<\/p>\n\n\n\n<p>Aujourd\u2019hui encore, montre-nous ton amour&nbsp;:&nbsp;<\/p>\n\n\n\n<p>nous voulons suivre le Christ qui marche librement vers sa mort&nbsp;;&nbsp;<\/p>\n\n\n\n<p>soutiens-nous comme tu l\u2019as soutenu,<\/p>\n\n\n\n<p>et sanctifie-nous dans le myst\u00e8re de sa P\u00e2que,<\/p>\n\n\n\n<p>Lui qui r\u00e8gne pour les si\u00e8cles des si\u00e8cles.<\/p>\n\n\n\n<p><strong>Dans la Parole de Dieu aujourd\u2019hui <\/strong>(Isa\u00efe<em> 53,3-5)&nbsp;:&nbsp;<\/em><\/p>\n\n\n\n<p>M\u00e9pris\u00e9, abandonn\u00e9 des hommes, homme de douleurs, familier de la souffrance, il \u00e9tait pareil \u00e0 celui devant qui on se voile la face&nbsp;; et nous l\u2019avons m\u00e9pris\u00e9, compt\u00e9 pour rien.<\/p>\n\n\n\n<p>En fait, c\u2019\u00e9taient nos souffrances qu\u2019il portait, nos douleurs dont il \u00e9tait charg\u00e9. Et nous, nous pensions qu\u2019il \u00e9tait frapp\u00e9, meurtri par Dieu, humili\u00e9.<\/p>\n\n\n\n<p>Or, c\u2019est \u00e0 cause de nos r\u00e9voltes qu\u2019il a \u00e9t\u00e9 transperc\u00e9, \u00e0 cause de nos fautes qu\u2019il a \u00e9t\u00e9 broy\u00e9. Le ch\u00e2timent qui nous donne la paix a pes\u00e9 sur lui&nbsp;: par ses blessures, nous sommes gu\u00e9ris.<\/p>\n\n\n\n<p><strong>Dans la 2\u00e8me lecture <\/strong>(H\u00e9breux 5,3 8-9)&nbsp;:&nbsp;<\/p>\n\n\n\n<p>Bien qu\u2019il soit le Fils, il apprit par ses souffrances l\u2019ob\u00e9issance et, conduit \u00e0 sa perfection, il est devenu pour tous ceux qui lui ob\u00e9issent la cause du salut \u00e9ternel.<\/p>\n\n\n\n<p><strong>Et dans l\u2019Evangile <\/strong>(Jean 19, 30 et 34)&nbsp;:&nbsp;<\/p>\n\n\n\n<p>Quand il eut pris le vinaigre, J\u00e9sus dit&nbsp;: \u00ab&nbsp;Tout est accompli.&nbsp;\u00bb Puis, inclinant la t\u00eate, il remit l\u2019esprit.<\/p>\n\n\n\n<p>Un des soldats avec sa lance lui per\u00e7a le c\u00f4t\u00e9&nbsp;; et aussit\u00f4t, il en sortit du sang et de l\u2019eau.&nbsp;<\/p>\n\n\n\n<p><em>J\u00e9sus est mort un jour du temps, apr\u00e8s avoir subi l\u2019\u00e9pouvantable supplice de la croix.<\/em><\/p>\n\n\n\n<p><em>En effet, le coeur des hommes s\u2019est d\u00e9cha\u00een\u00e9 contre lui dans une rage haineuse et d\u00e9lirante, comme il sait aussi se d\u00e9cha\u00eener dans les grandes horreurs dont l\u2019histoire rend compte&nbsp;:&nbsp; la Shoah, les g\u00e9nocides arm\u00e9niens ou rwandais et tous les acharnements domestiques qu\u2019on ignore et qui d\u00e9truisent tant de femmes et d\u2019enfants.<\/em><\/p>\n\n\n\n<p><em>J\u00e9sus sait tout cela, il conna\u00eet le coeur des hommes&nbsp;;&nbsp; et il vaut quand m\u00eame les sauver.&nbsp;<\/em><\/p>\n\n\n\n<p><em>Alors il va r\u00e9solument vers sa passion, \u00ab&nbsp;Agneau de Dieu qui porte et enl\u00e8ve le p\u00e9ch\u00e9 du monde&nbsp;\u00bb.<\/em><\/p>\n\n\n\n<p><em>Dans la Passion selon St Jean, dans sa mort, J\u00e9sus remet l\u2019esprit &#8211; s\u2019agit de l\u2019Esprit Saint qui l\u2019unit au P\u00e8re et qu\u2019il r\u00e9pand sur le monde. Le coeur ouvert de J\u00e9sus lib\u00e8re du sang et de l\u2019eau &#8211; il s\u2019agit des sacrements dont vit l\u2019Eglise.<\/em><\/p>\n\n\n\n<p><em>Merci J\u00e9sus&nbsp;!&nbsp;&nbsp;<\/em><\/p>\n\n\n\n<p><strong>Intention de pri\u00e8re pour aujourd\u2019hui&nbsp;:<\/strong>&nbsp;(selon la Pri\u00e8re Universelle de ce soir)<\/p>\n\n\n\n<ul class=\"wp-block-list\"><li>Prions pour&nbsp;<\/li><\/ul>\n\n\n\n<ul class=\"wp-block-list\"><li>la Sainte Eglise,&nbsp;<\/li><li>le Pape,&nbsp;<\/li><li>le clerg\u00e9 et le peuple de Dieu,&nbsp;<\/li><li>les cat\u00e9chum\u00e8nes,&nbsp;<\/li><li>l\u2019unit\u00e9 des chr\u00e9tiens,&nbsp;<\/li><li>les juifs,&nbsp;<\/li><li>ceux qui ne croient pas en J\u00e9sus-Christ,&nbsp;<\/li><li>ceux qui ne croient pas en Dieu,&nbsp;<\/li><li>les pouvoirs publics,&nbsp;<\/li><li>tous les hommes dans l\u2019\u00e9preuve,&nbsp;<\/li><li>ceux qui souffrent dans la pand\u00e9mie<\/li><\/ul>\n\n\n\n<p><strong>Intention d\u2019action pour aujourd\u2019hui&nbsp;:&nbsp;<\/strong><\/p>\n\n\n\n<ul class=\"wp-block-list\"><li>Pr\u00e9parons un petit oratoire pour participer \u00e0 la c\u00e9l\u00e9bration. de la Passion de ce soir.<\/li><\/ul>\n\n\n\n<p><strong>Psaume 30 (31)<\/strong><\/p>\n\n\n\n<p>En toi, Seigneur, j&rsquo;ai mon refuge ;&nbsp;<\/p>\n\n\n\n<p>garde-moi d&rsquo;\u00eatre humili\u00e9 pour toujours.<\/p>\n\n\n\n<p>Dans ta justice, lib\u00e8re-moi ;<\/p>\n\n\n\n<p>\u00e9coute, et viens me d\u00e9livrer.&nbsp;<\/p>\n\n\n\n<p>Sois le rocher qui m&rsquo;abrite,&nbsp;<\/p>\n\n\n\n<p>la maison fortifi\u00e9e qui me sauve.<\/p>\n\n\n\n<p>Ma forteresse et mon roc, c&rsquo;est toi :&nbsp;<\/p>\n\n\n\n<p>pour l&rsquo;honneur de ton nom, tu me guides et me conduis.<\/p>\n\n\n\n<p>Tu m&rsquo;arraches au filet qu&rsquo;ils m&rsquo;ont tendu ;&nbsp;<\/p>\n\n\n\n<p>oui, c&rsquo;est toi mon abri.<\/p>\n\n\n\n<p>En tes mains je remets mon esprit ;&nbsp;<\/p>\n\n\n\n<p>tu me rach\u00e8tes, Seigneur, Dieu de v\u00e9rit\u00e9.<\/p>\n\n\n\n<p>Je hais les adorateurs de faux dieux,&nbsp;<\/p>\n\n\n\n<p>et moi, je suis s\u00fbr du Seigneur.<\/p>\n\n\n\n<p>Ton amour me fait danser de joie :&nbsp;<\/p>\n\n\n\n<p>tu vois ma mis\u00e8re et tu sais ma d\u00e9tresse.<\/p>\n\n\n\n<p>Tu ne m&rsquo;as pas livr\u00e9 aux mains de l&rsquo;ennemi ;&nbsp;<\/p>\n\n\n\n<p>devant moi, tu as ouvert un passage.<\/p>\n\n\n\n<p>Prends piti\u00e9 de moi, Seigneur, je suis en d\u00e9tresse. *&nbsp;<\/p>\n\n\n\n<p>La douleur me ronge les yeux, la gorge et les entrailles.<\/p>\n\n\n\n<p>Ma vie s&rsquo;ach\u00e8ve dans les larmes,&nbsp;<\/p>\n\n\n\n<p>et mes ann\u00e9es, dans les souffrances. *&nbsp;<\/p>\n\n\n\n<p>Le p\u00e9ch\u00e9 m&rsquo;a fait perdre mes forces,&nbsp;<\/p>\n\n\n\n<p>il me ronge les os.<\/p>\n\n\n\n<p>Je suis la ris\u00e9e de mes adversaires&nbsp;<\/p>\n\n\n\n<p>\tet m\u00eame de mes voisins, +&nbsp;<\/p>\n\n\n\n<p>je fais peur \u00e0 mes amis *&nbsp;<\/p>\n\n\n\n<p>(s&rsquo;ils me voient dans la rue, ils me fuient).<\/p>\n\n\n\n<p>On m&rsquo;ignore comme un mort oubli\u00e9, *&nbsp;<\/p>\n\n\n\n<p>comme une chose qu&rsquo;on jette.<\/p>\n\n\n\n<p>J&rsquo;entends les calomnies de la foule :&nbsp;<\/p>\n\n\n\n<p>de tous c\u00f4t\u00e9s c&rsquo;est l&rsquo;\u00e9pouvante. *&nbsp;<\/p>\n\n\n\n<p>Ils ont tenu conseil contre moi,&nbsp;<\/p>\n\n\n\n<p>ils s&rsquo;accordent pour m&rsquo;\u00f4ter la vie.<\/p>\n\n\n\n<p>Moi, je suis s\u00fbr de toi, Seigneur, +&nbsp;<\/p>\n\n\n\n<p>je dis : \u00ab Tu es mon Dieu ! \u00bb *<\/p>\n\n\n\n<p>Mes jours sont dans ta main :&nbsp;<\/p>\n\n\n\n<p>d\u00e9livre-moi des mains hostiles qui s&rsquo;acharnent.<\/p>\n\n\n\n<p>Sur ton serviteur, que s&rsquo;illumine ta face ; +&nbsp;<\/p>\n\n\n\n<p>sauve-moi par ton amour. *<\/p>\n\n\n\n<p>Seigneur, garde-moi d&rsquo;\u00eatre humili\u00e9,&nbsp;<\/p>\n\n\n\n<p>moi qui t&rsquo;appelle.&nbsp;<\/p>\n\n\n\n<p>[Mais qu&rsquo;ils soient humili\u00e9s, les impies ; *&nbsp;<\/p>\n\n\n\n<p>qu&rsquo;ils entrent dans le silence des morts !<\/p>\n\n\n\n<p>Qu&rsquo;ils deviennent muets, ces menteurs, *&nbsp;<\/p>\n\n\n\n<p>car ils parlent contre le juste avec orgueil, insolence et m\u00e9pris.]<\/p>\n\n\n\n<p>Qu&rsquo;ils sont grands, tes bienfaits ! +&nbsp;<\/p>\n\n\n\n<p>Tu les r\u00e9serves \u00e0 ceux qui te craignent. *&nbsp;<\/p>\n\n\n\n<p>Tu combles, \u00e0 la face du monde,&nbsp;<\/p>\n\n\n\n<p>ceux qui ont en toi leur refuge.<\/p>\n\n\n\n<p>Tu les caches au plus secret de ta face,&nbsp;<\/p>\n\n\n\n<p>loin des intrigues des hommes. *&nbsp;<\/p>\n\n\n\n<p>Tu leur r\u00e9serves un lieu s\u00fbr,&nbsp;<\/p>\n\n\n\n<p>loin des langues m\u00e9chantes.<\/p>\n\n\n\n<p>B\u00e9ni soit le Seigneur : *&nbsp;<\/p>\n\n\n\n<p>son amour a fait pour moi des merveilles&nbsp;<\/p>\n\n\n\n<p>dans la ville retranch\u00e9e !<\/p>\n\n\n\n<p>Et moi, dans mon trouble, je disais :&nbsp;<\/p>\n\n\n\n<p>\u00ab Je ne suis plus devant tes yeux. \u00bb *&nbsp;<\/p>\n\n\n\n<p>Pourtant, tu \u00e9coutais ma pri\u00e8re&nbsp;<\/p>\n\n\n\n<p>quand je criais vers toi.<\/p>\n\n\n\n<p>Aimez le Seigneur, vous, ses fid\u00e8les : +&nbsp;<\/p>\n\n\n\n<p>le Seigneur veille sur les siens ; *&nbsp;<\/p>\n\n\n\n<p>mais il r\u00e9tribue avec rigueur&nbsp;<\/p>\n\n\n\n<p>qui se montre arrogant.<\/p>\n\n\n\n<p>Soyez forts, prenez courage, *&nbsp;<\/p>\n\n\n\n<p>vous tous qui esp\u00e9rez le Seigneur !<br><\/p>\n\n\n\n<figure class=\"wp-block-image\"><img decoding=\"async\" src=\"https:\/\/www.notredamedelaconfiance.fr\/wp-content\/uploads\/2020\/04\/crucifixion-trait.png\" alt=\"\" class=\"wp-image-548\"\/><\/figure>\n","protected":false},"excerpt":{"rendered":"<p>Bonjour \u00e0 tous. Ce soir, nous nous retrouverons \u00e0 distance pour ceux qui le souhaitent pour c\u00e9l\u00e9brer la Passion du Seigneur. Trois \u00e9tapes majeures dans cette c\u00e9l\u00e9bration&nbsp;:&nbsp; l\u2019\u00e9coute de la Passion selon St Jean, l\u2019intercession tr\u00e8s d\u00e9velopp\u00e9e pour tous les hommes pour qui J\u00e9sus a donn\u00e9 sa vie, la v\u00e9n\u00e9ration de la croix par qui [&hellip;]<\/p>\n","protected":false},"author":4,"featured_media":0,"comment_status":"closed","ping_status":"open","sticky":false,"template":"","format":"standard","meta":{"footnotes":""},"categories":[1],"tags":[],"class_list":["post-549","post","type-post","status-publish","format-standard","hentry","category-info"],"_links":{"self":[{"href":"https:\/\/www.notredamedelaconfiance.fr\/index.php\/wp-json\/wp\/v2\/posts\/549","targetHints":{"allow":["GET"]}}],"collection":[{"href":"https:\/\/www.notredamedelaconfiance.fr\/index.php\/wp-json\/wp\/v2\/posts"}],"about":[{"href":"https:\/\/www.notredamedelaconfiance.fr\/index.php\/wp-json\/wp\/v2\/types\/post"}],"author":[{"embeddable":true,"href":"https:\/\/www.notredamedelaconfiance.fr\/index.php\/wp-json\/wp\/v2\/users\/4"}],"replies":[{"embeddable":true,"href":"https:\/\/www.notredamedelaconfiance.fr\/index.php\/wp-json\/wp\/v2\/comments?post=549"}],"version-history":[{"count":1,"href":"https:\/\/www.notredamedelaconfiance.fr\/index.php\/wp-json\/wp\/v2\/posts\/549\/revisions"}],"predecessor-version":[{"id":550,"href":"https:\/\/www.notredamedelaconfiance.fr\/index.php\/wp-json\/wp\/v2\/posts\/549\/revisions\/550"}],"wp:attachment":[{"href":"https:\/\/www.notredamedelaconfiance.fr\/index.php\/wp-json\/wp\/v2\/media?parent=549"}],"wp:term":[{"taxonomy":"category","embeddable":true,"href":"https:\/\/www.notredamedelaconfiance.fr\/index.php\/wp-json\/wp\/v2\/categories?post=549"},{"taxonomy":"post_tag","embeddable":true,"href":"https:\/\/www.notredamedelaconfiance.fr\/index.php\/wp-json\/wp\/v2\/tags?post=549"}],"curies":[{"name":"wp","href":"https:\/\/api.w.org\/{rel}","templated":true}]}}