{"id":553,"date":"2020-04-11T08:56:06","date_gmt":"2020-04-11T06:56:06","guid":{"rendered":"https:\/\/www.notredamedelaconfiance.fr\/?p=553"},"modified":"2020-04-11T08:56:06","modified_gmt":"2020-04-11T06:56:06","slug":"des-croyants-vigoureux-dans-la-foi-et-la-fraternite-en-temps-de-confinement-3","status":"publish","type":"post","link":"https:\/\/www.notredamedelaconfiance.fr\/index.php\/2020\/04\/11\/des-croyants-vigoureux-dans-la-foi-et-la-fraternite-en-temps-de-confinement-3\/","title":{"rendered":"des croyants vigoureux dans la foi et la fraternit\u00e9 en temps de confinement"},"content":{"rendered":"\n<p><strong>Aujourd\u2019hui 11 avril 2020, samedi saint<\/strong><\/p>\n\n\n\n<figure class=\"wp-block-image\"><img decoding=\"async\" src=\"https:\/\/www.notredamedelaconfiance.fr\/wp-content\/uploads\/2020\/04\/Mise_au_tombeau_du_Christ_Solesmes_moulage-1024x768.jpg\" alt=\"\" class=\"wp-image-552\"\/><\/figure>\n\n\n\n<p><em>Apr\u00e8s sa mort, le corps de J\u00e9sus \u00e9t\u00e9 mis&nbsp; au tombeau.<\/em><\/p>\n\n\n\n<p><em>C\u2019est le silence&nbsp;:&nbsp; dans les \u00e9glises, pas de c\u00e9l\u00e9bration, pas de statues, pas flammes, pas d\u2019eau b\u00e9nite, pas de fleurs.<\/em><\/p>\n\n\n\n<p><em>Le samedi saint ressemble un peu au confinement que nous vivons&nbsp;:&nbsp; l\u2019activit\u00e9 s\u2019arr\u00eate, les usines ne tournent plus, les transports sont arr\u00eat\u00e9s, les \u00e9coles aussi, les th\u00e9\u00e2tres, cin\u00e9mas, restaurants.<\/em><\/p>\n\n\n\n<p><em>Et personne ne sait ce qui va se passer ensuite \u2026<\/em><\/p>\n\n\n\n<p><em>Samedi saint &nbsp;!&nbsp;<\/em><\/p>\n\n\n\n<p><em>Voici une pri\u00e8re restreinte, elle aussi, avec seulement une longue m\u00e9ditation tr\u00e8s ancienne, tr\u00e8s belle, tr\u00e8s po\u00e9tique, qu peut vous faire patienter jusqu\u2019\u00e0 la lumi\u00e8re nouvelle de P\u00e2ques ce soir.<\/em><\/p>\n\n\n\n<p><em>Nous nos donnions rendez-vous pour c\u00e9l\u00e9brer la Vigile Pascale \u00e0 20h30 en ouvrant le lien suivant&nbsp;:&nbsp;<\/em><\/p>\n\n\n\n<figure class=\"wp-block-embed\"><div class=\"wp-block-embed__wrapper\">\nhttps:\/\/zoom.us\/j\/339898014\n<\/div><\/figure>\n\n\n\n<p>ID de r\u00e9union : 339 898 014<\/p>\n\n\n\n<p><strong>Prions<\/strong> (oraison des offices du samedi saint)<\/p>\n\n\n\n<p>Dieu \u00e9ternel et tout-puissant, dont le Fils unique est descendu aux profondeurs de la terre,&nbsp;<\/p>\n\n\n\n<p>\td&rsquo;o\u00f9 il est remont\u00e9 glorieux :&nbsp;<\/p>\n\n\n\n<p>accorde \u00e0 tes fid\u00e8les, ensevelis avec lui dans le bapt\u00eame,&nbsp;<\/p>\n\n\n\n<p>\td&rsquo;acc\u00e9der par sa r\u00e9surrection \u00e0 la vie \u00e9ternelle.&nbsp;<\/p>\n\n\n\n<p>Lui qui r\u00e8gne avec toi et le Saint Esprit, maintenant et pour les si\u00e8cles des si\u00e8cles.<\/p>\n\n\n\n<p><strong>HOM\u00c9LIE ANCIENNE POUR LE GRAND ET SAINT SAMEDI&nbsp;<\/strong><\/p>\n\n\n\n<p><strong>\u00ab \u00c9veille-toi, \u00f4 toi qui dors \u00bb<\/strong><\/p>\n\n\n\n<p>Que se passe-t-il ? Aujourd&rsquo;hui, grand silence sur la terre ; grand silence et ensuite solitude parce que le Roi sommeille. La terre a trembl\u00e9 et elle s&rsquo;est apais\u00e9e, parce que Dieu s&rsquo;est endormi dans la chair et il a \u00e9veill\u00e9 ceux qui dorment depuis les origines. Dieu est mort dans la chair et le s\u00e9jour des morts s&rsquo;est mis \u00e0 trembler. ~<\/p>\n\n\n\n<p>C&rsquo;est le premier homme qu&rsquo;il va chercher, comme la brebis perdue. Il veut aussi visiter ceux qui demeurent dans les t\u00e9n\u00e8bres et dans l&rsquo;ombre de la mort. Oui. c&rsquo;est vers Adam captif, en m\u00eame temps que vers \u00c8ve, captive elle aussi, que Dieu se dirige, et son Fils avec lui, pour les d\u00e9livrer de leurs douleurs. ~<\/p>\n\n\n\n<p>Le Seigneur s&rsquo;est avanc\u00e9 vers eux, muni de la croix, l&rsquo;arme de sa victoire. Lorsqu&rsquo;il le vit, Adam, le premier homme, se frappant la poitrine dans sa stupeur, s&rsquo;\u00e9cria vers tous les autres : \u00ab Mon Seigneur avec nous tous !&nbsp;\u00bb Et le Christ r\u00e9pondit \u00e0 Adam :&nbsp;\u00ab Et avec ton esprit \u00bb. Il le prend par la main et le rel\u00e8ve en disant : \u00c9veille-toi, \u00f4 toi qui dors, rel\u00e8ve-toi d&rsquo;entre les morts, et le Christ t&rsquo;illuminera.<\/p>\n\n\n\n<p>\u00ab C&rsquo;est moi ton Dieu, qui, pour toi, suis devenu ton fils ; c&rsquo;est moi qui, pour toi et pour tes descendants, te parle maintenant et qui, par ma puissance, ordonne \u00e0 ceux qui sont dans les cha\u00eenes : Sortez.&nbsp;\u00c0 ceux qui sont dans les t\u00e9n\u00e8bres : Soyez illumin\u00e9s.&nbsp;\u00c0 &nbsp;ceux qui sont endormis : Relevez-vous.<\/p>\n\n\n\n<p>\u00ab Je te l&rsquo;ordonne : \u00c9veille-toi, \u00f4 toi qui dors, je ne t&rsquo;ai pas cr\u00e9\u00e9 pour que tu demeures captif du s\u00e9jour des morts. Rel\u00e8ve-toi d&rsquo;entre les morts : moi, je suis la vie des morts. L\u00e8ve-toi, \u0153uvre de mes mains ; l\u00e8ve-toi, mon semblable qui as \u00e9t\u00e9 cr\u00e9\u00e9 \u00e0 mon image. \u00c9veille-toi, sortons d&rsquo;ici. Car tu es en moi, et moi en toi, nous sommes une seule personne indivisible.<\/p>\n\n\n\n<p>\u00ab C&rsquo;est pour toi que moi, ton Dieu, je suis devenu ton fils ; c est pour toi que moi, le Ma\u00eetre, j&rsquo;ai pris ta forme d&rsquo;esclave ; c&rsquo;est pour toi que moi, qui domine les cieux, je suis venu sur la terre et au-dessous de la terre ; c&rsquo;est pour toi, l&rsquo;homme, que je suis devenu comme un homme abandonn\u00e9, libre entre les morts ; c&rsquo;est pour toi, qui es sorti du jardin, que j&rsquo;ai \u00e9t\u00e9 livr\u00e9 aux Juifs dans un jardin et que j&rsquo;ai \u00e9t\u00e9 crucifi\u00e9 dans un jardin.<\/p>\n\n\n\n<p>\u00ab Vois les crachats sur mon visage ; c&rsquo;est pour toi que je les ai subis afin de te ramener \u00e0 ton premier souffle de vie. Vois les soufflets sur mes joues : je les ai subis pour r\u00e9tablir ta forme d\u00e9figur\u00e9e afin de la restaurer \u00e0 mon image.<\/p>\n\n\n\n<p>\u00ab Vois la flagellation sur mon dos, que j&rsquo;ai subie pour \u00e9loigner le fardeau de tes p\u00e9ch\u00e9s qui pesait sur ton dos. Vois mes mains solidement clou\u00e9es au bois, \u00e0 cause de toi qui as p\u00e9ch\u00e9 en tendant la main vers le bois. ~<\/p>\n\n\n\n<p>\u00ab Je me suis endormi sur la croix, et la lance a p\u00e9n\u00e9tr\u00e9 dans mon c\u00f4t\u00e9, \u00e0 cause de toi qui t&rsquo;es endormi dans le paradis et, de ton c\u00f4t\u00e9, tu as donn\u00e9 naissance \u00e0 \u00c8ve. Mon c\u00f4t\u00e9 a gu\u00e9ri la douleur de ton c\u00f4t\u00e9 ; mon sommeil va te tirer du sommeil des enfers. Ma lance a arr\u00eat\u00e9 la lance qui se tournait vers toi.<\/p>\n\n\n\n<p>\u00ab L\u00e8ve-toi, partons d&rsquo;ici. L&rsquo;ennemi t&rsquo;a fait sortir de la terre du paradis ; moi je ne t&rsquo;installerai plus dans le paradis, mais sur un tr\u00f4ne c\u00e9leste. Je t&rsquo;ai \u00e9cart\u00e9 de l&rsquo;arbre symbolique de la vie ; mais voici que moi, qui suis la vie, je ne fais qu&rsquo;un avec toi. J&rsquo;ai post\u00e9 les ch\u00e9rubins pour qu&rsquo;ils te gardent comme un serviteur ; je fais maintenant que les ch\u00e9rubins t&rsquo;adorent comme un Dieu. ~<\/p>\n\n\n\n<p>\u00ab Le tr\u00f4ne des ch\u00e9rubins est pr\u00e9par\u00e9, les porteurs sont alert\u00e9s, le lit nuptial est dress\u00e9, les aliments sont appr\u00eat\u00e9s, les tentes et les demeures \u00e9ternelles le sont aussi. Les tr\u00e9sors du bonheur sont ouverts et le royaume des cieux est pr\u00eat de toute \u00e9ternit\u00e9. \u00bb<\/p>\n\n\n\n<figure class=\"wp-block-image\"><img decoding=\"async\" src=\"https:\/\/www.notredamedelaconfiance.fr\/wp-content\/uploads\/2020\/04\/J\u00e9sus-est-mis-au-tombeau-trait-730x1024.jpg\" alt=\"\" class=\"wp-image-551\"\/><\/figure>\n","protected":false},"excerpt":{"rendered":"<p>Aujourd\u2019hui 11 avril 2020, samedi saint Apr\u00e8s sa mort, le corps de J\u00e9sus \u00e9t\u00e9 mis&nbsp; au tombeau. C\u2019est le silence&nbsp;:&nbsp; dans les \u00e9glises, pas de c\u00e9l\u00e9bration, pas de statues, pas flammes, pas d\u2019eau b\u00e9nite, pas de fleurs. Le samedi saint ressemble un peu au confinement que nous vivons&nbsp;:&nbsp; l\u2019activit\u00e9 s\u2019arr\u00eate, les usines ne tournent plus, [&hellip;]<\/p>\n","protected":false},"author":4,"featured_media":0,"comment_status":"closed","ping_status":"open","sticky":false,"template":"","format":"standard","meta":{"footnotes":""},"categories":[1],"tags":[],"class_list":["post-553","post","type-post","status-publish","format-standard","hentry","category-info"],"_links":{"self":[{"href":"https:\/\/www.notredamedelaconfiance.fr\/index.php\/wp-json\/wp\/v2\/posts\/553","targetHints":{"allow":["GET"]}}],"collection":[{"href":"https:\/\/www.notredamedelaconfiance.fr\/index.php\/wp-json\/wp\/v2\/posts"}],"about":[{"href":"https:\/\/www.notredamedelaconfiance.fr\/index.php\/wp-json\/wp\/v2\/types\/post"}],"author":[{"embeddable":true,"href":"https:\/\/www.notredamedelaconfiance.fr\/index.php\/wp-json\/wp\/v2\/users\/4"}],"replies":[{"embeddable":true,"href":"https:\/\/www.notredamedelaconfiance.fr\/index.php\/wp-json\/wp\/v2\/comments?post=553"}],"version-history":[{"count":1,"href":"https:\/\/www.notredamedelaconfiance.fr\/index.php\/wp-json\/wp\/v2\/posts\/553\/revisions"}],"predecessor-version":[{"id":554,"href":"https:\/\/www.notredamedelaconfiance.fr\/index.php\/wp-json\/wp\/v2\/posts\/553\/revisions\/554"}],"wp:attachment":[{"href":"https:\/\/www.notredamedelaconfiance.fr\/index.php\/wp-json\/wp\/v2\/media?parent=553"}],"wp:term":[{"taxonomy":"category","embeddable":true,"href":"https:\/\/www.notredamedelaconfiance.fr\/index.php\/wp-json\/wp\/v2\/categories?post=553"},{"taxonomy":"post_tag","embeddable":true,"href":"https:\/\/www.notredamedelaconfiance.fr\/index.php\/wp-json\/wp\/v2\/tags?post=553"}],"curies":[{"name":"wp","href":"https:\/\/api.w.org\/{rel}","templated":true}]}}