{"id":557,"date":"2020-04-12T09:12:10","date_gmt":"2020-04-12T07:12:10","guid":{"rendered":"https:\/\/www.notredamedelaconfiance.fr\/?p=557"},"modified":"2020-04-12T09:12:10","modified_gmt":"2020-04-12T07:12:10","slug":"des-croyants-vigoureux-dans-la-foi-et-la-fraternite-en-temps-de-confinement-25","status":"publish","type":"post","link":"https:\/\/www.notredamedelaconfiance.fr\/index.php\/2020\/04\/12\/des-croyants-vigoureux-dans-la-foi-et-la-fraternite-en-temps-de-confinement-25\/","title":{"rendered":"des croyants vigoureux dans la foi et la fraternit\u00e9 en temps de confinement 25"},"content":{"rendered":"\n<p>Bonjour \u00e0 tous et Joyeuses P\u00e2ques &nbsp;!&nbsp;<\/p>\n\n\n\n<p>Ce matin, vous pourrez vous joindre \u00e0 la Messe de P\u00e2ques \u00e0 10h45 en cliquant sur le lien suivant&nbsp;:&nbsp;<\/p>\n\n\n\n<figure class=\"wp-block-embed\"><div class=\"wp-block-embed__wrapper\">\nhttps:\/\/zoom.us\/j\/887397417\n<\/div><\/figure>\n\n\n\n<p>ID de r\u00e9union : 887 397 417<\/p>\n\n\n\n<p><strong>A u i o u r ci \u2019 h u i 12 avril. Grand et Saint Jour de P\u00e2ques<\/strong><\/p>\n\n\n\n<p><strong>Christ est ressuscit\u00e9 ! All\u00e9iuia !<\/strong><\/p>\n\n\n\n<figure class=\"wp-block-image\"><img decoding=\"async\" src=\"https:\/\/www.notredamedelaconfiance.fr\/wp-content\/uploads\/2020\/04\/R\u00e9surrection-des-enfers.jpg\" alt=\"\" class=\"wp-image-555\"\/><\/figure>\n\n\n\n<p><strong>Prions<\/strong>(Pri\u00e8re de la Messe de P\u00e2ques)<\/p>\n\n\n\n<p>Aujourd\u2019hui, Dieu notre P\u00e8re,<\/p>\n\n\n\n<p>&nbsp; &nbsp; &nbsp; &nbsp; \ttu nous ouvres la vie \u00e9ternelle&nbsp;<\/p>\n\n\n\n<p>&nbsp; &nbsp; &nbsp; &nbsp; &nbsp; &nbsp; &nbsp; &nbsp; &nbsp; par la victoire de ton Fils sur la mort<\/p>\n\n\n\n<p>&nbsp;&nbsp; &nbsp; &nbsp; &nbsp; et nous f\u00eatons sa R\u00e9surrection,&nbsp;<\/p>\n\n\n\n<p>Qe ton Esprit tasse de nous des hommes nouveaux&nbsp;<\/p>\n\n\n\n<p>&nbsp; &nbsp; &nbsp; &nbsp; &nbsp; pour que nous ressuscitions avec le Christ dans la lumi\u00e8re de la vie.&nbsp;<\/p>\n\n\n\n<p>par J\u00e9sus-Christ, ton Fils notre Seigneur et notre Dieu,&nbsp;<\/p>\n\n\n\n<p>\t\t\t\t\t\t\t\t\t\t\t &nbsp; &nbsp; &nbsp; &nbsp; qui \u00e9tait mort, qui est vivant,<\/p>\n\n\n\n<p>qui vit et qui r\u00e8gne avec toi et l\u2019Esprit Saint, pour les si\u00e8cles des si\u00e8cles.<\/p>\n\n\n\n<p><strong>Dans la Parole de Dieu d\u2019aujourd\u2019hui<\/strong>(Actes 10, 42-43) :<\/p>\n\n\n\n<p>Dieu nous a charg\u00e9s d\u2019annoncer au peuple et de t\u00e9moigner que lui-m\u00eame l\u2019a \u00e9tabli Juge des vivants et des morts.<\/p>\n\n\n\n<p>C\u2019est \u00e0 J\u00e9sus que tous les proph\u00e8tes rendent ce t\u00e9moignage : Quiconque croit en lui re\u00e7oit par son nom le pardon de ses p\u00e9ch\u00e9s. \u00bb<\/p>\n\n\n\n<p><strong>Dans la 2<\/strong><strong><sup>\u00e8me<\/sup><\/strong><strong> lecture aujourd\u2019hui<\/strong>(Colossiens 3, 3-4)<\/p>\n\n\n\n<p>En effet, vous \u00eates pass\u00e9s par la mort, et votre vie reste cach\u00e9e avec le Christ en Dieu.<\/p>\n\n\n\n<p>Quand para\u00eetra le Christ, votre vie, alors vous aussi, vous para\u00eetrez avec lui dans la gloire.<\/p>\n\n\n\n<p><strong>Et dans F Evangile<\/strong>On 20, 8-9) :<\/p>\n\n\n\n<p>C\u2019est alors qu\u2019entra l\u2019autre disciple, lui qui \u00e9tait arriv\u00e9 le premier au tombeau. Il vit, et il crut. Jusque-l\u00e0, en effet, les disciples n\u2019avaient pas compris que, selon l\u2019\u00c9criture, il fallait que J\u00e9sus ressuscite d\u2019entre les morts.<\/p>\n\n\n\n<p><em>\u00ab Le Christ est ressuscit\u00e9 des morts ! Par sa mort, il a vaincu la mort !<\/em><\/p>\n\n\n\n<p><em>A ceux qui sont dans les tombeaux, il a donn\u00e9 la Vie ! \u00bb<\/em><\/p>\n\n\n\n<p><em>Ce chant, ce cri jaillit du coeur de tous les t\u00e9moins du Seigneur L&rsquo;\u00e9v\u00e9nement de la r\u00e9surrection du Christ ouvre une br\u00e8che dans le mur de nos prisons.<\/em><\/p>\n\n\n\n<p><em>Celles-ci ne sont donc plus d\u00e9sormais des condamnations, mais des vestibules de la vraie vie en Dieu.<\/em><\/p>\n\n\n\n<p><em>Les conditions terrestres de nos vies restent inchang\u00e9es, en particulier pur nous aujourd &lsquo;hui la crainte de Ici maladie et le confinement.<\/em><\/p>\n\n\n\n<p><em>Mais au plus profond de nous-m\u00eames, nous savons d\u00e9sormais que l&rsquo;amour est vainqueur de la mort et de tout mal.<\/em><\/p>\n\n\n\n<p><em>Acclamons J\u00e9sus qui s&rsquo;est fi\u00e9 en Dieu seul, son P\u00e8re et qui a \u00e9t\u00e9 rendu vivant \u00e0 la Vie, notre Sauveur !<\/em><\/p>\n\n\n\n<ul class=\"wp-block-list\"><li><strong>Intention de pri\u00e8re pour aujourd\u2019hui :<\/strong>Prions pour tous nos fr\u00e8res qui n\u2019ont pas encore re\u00e7u la foi au fond d\u2019eux-m\u00eames et ne peuvent donc pas se r\u00e9jouir de l\u2019\u00e9v\u00e9nement de P\u00e2ques. Qu\u2019ils d\u00e9couvrent l\u2019amour qui les sauve de la seule vie terrestre et les ouvre \u00e0 la vie \u00e9ternelle en Dieu.<\/li><\/ul>\n\n\n\n<p><strong>intention d\u2019action <\/strong>pur aujourd\u2019hui :<\/p>\n\n\n\n<ul class=\"wp-block-list\"><li>Faisons r\u00e9sonner la bonne, nouvelle sur tous les r\u00e9seaux sociaux : \u00ab J\u00e9sus qui \u00e9tait mort est vainqueur du mal : il est ressuscit\u00e9 et nous donne sa Vie ! All\u00e9luia !<\/li><\/ul>\n\n\n\n<p><strong>S\u00e9quence de P\u00e2ques :<\/strong><\/p>\n\n\n\n<p>\u00c0 la Victime pascale,<\/p>\n\n\n\n<p>chr\u00e9tiens, offrez le sacrifice de louange.<\/p>\n\n\n\n<p>L\u2019Agneau a rachet\u00e9 les brebis ; le Christ innocent a r\u00e9concili\u00e9 l\u2019homme p\u00e9cheur avec le P\u00e8re.<\/p>\n\n\n\n<p>La mort et la vie s\u2019affront\u00e8rent en un duel prodigieux.<\/p>\n\n\n\n<p>Le Ma\u00eetre de la vie mourut ; vivant, il r\u00e8gne.<\/p>\n\n\n\n<p>\u00ab Dis-nous, Marie Madeleine, qu\u2019as-tu vu en chemin ? \u00bb<\/p>\n\n\n\n<p>\u00ab J\u2019ai vu le s\u00e9pulcre du Christ vivant,<\/p>\n\n\n\n<p>j\u2019ai vu la gloire du Ressuscit\u00e9.<\/p>\n\n\n\n<p>J\u2019ai vu les anges ses t\u00e9moins, le suaire et les v\u00eatements.<\/p>\n\n\n\n<p>Le Christ, mon esp\u00e9rance, est ressuscit\u00e9 !<\/p>\n\n\n\n<p>Il vous pr\u00e9c\u00e9dera en Galil\u00e9e. \u00bb<\/p>\n\n\n\n<p>Nous le savons : le Christ<\/p>\n\n\n\n<p>est vraiment ressuscit\u00e9 des morts.<\/p>\n\n\n\n<p>Roi victorieux, prends-nous tous en piti\u00e9 !<\/p>\n\n\n\n<p>Amen.<\/p>\n\n\n\n<figure class=\"wp-block-image\"><img decoding=\"async\" src=\"https:\/\/www.notredamedelaconfiance.fr\/wp-content\/uploads\/2020\/04\/R\u00e9surrection-trait-1024x792.jpg\" alt=\"\" class=\"wp-image-556\"\/><\/figure>\n","protected":false},"excerpt":{"rendered":"<p>Bonjour \u00e0 tous et Joyeuses P\u00e2ques &nbsp;!&nbsp; Ce matin, vous pourrez vous joindre \u00e0 la Messe de P\u00e2ques \u00e0 10h45 en cliquant sur le lien suivant&nbsp;:&nbsp; ID de r\u00e9union : 887 397 417 A u i o u r ci \u2019 h u i 12 avril. Grand et Saint Jour de P\u00e2ques Christ est ressuscit\u00e9 [&hellip;]<\/p>\n","protected":false},"author":4,"featured_media":0,"comment_status":"closed","ping_status":"open","sticky":false,"template":"","format":"standard","meta":{"footnotes":""},"categories":[1],"tags":[],"class_list":["post-557","post","type-post","status-publish","format-standard","hentry","category-info"],"_links":{"self":[{"href":"https:\/\/www.notredamedelaconfiance.fr\/index.php\/wp-json\/wp\/v2\/posts\/557","targetHints":{"allow":["GET"]}}],"collection":[{"href":"https:\/\/www.notredamedelaconfiance.fr\/index.php\/wp-json\/wp\/v2\/posts"}],"about":[{"href":"https:\/\/www.notredamedelaconfiance.fr\/index.php\/wp-json\/wp\/v2\/types\/post"}],"author":[{"embeddable":true,"href":"https:\/\/www.notredamedelaconfiance.fr\/index.php\/wp-json\/wp\/v2\/users\/4"}],"replies":[{"embeddable":true,"href":"https:\/\/www.notredamedelaconfiance.fr\/index.php\/wp-json\/wp\/v2\/comments?post=557"}],"version-history":[{"count":1,"href":"https:\/\/www.notredamedelaconfiance.fr\/index.php\/wp-json\/wp\/v2\/posts\/557\/revisions"}],"predecessor-version":[{"id":558,"href":"https:\/\/www.notredamedelaconfiance.fr\/index.php\/wp-json\/wp\/v2\/posts\/557\/revisions\/558"}],"wp:attachment":[{"href":"https:\/\/www.notredamedelaconfiance.fr\/index.php\/wp-json\/wp\/v2\/media?parent=557"}],"wp:term":[{"taxonomy":"category","embeddable":true,"href":"https:\/\/www.notredamedelaconfiance.fr\/index.php\/wp-json\/wp\/v2\/categories?post=557"},{"taxonomy":"post_tag","embeddable":true,"href":"https:\/\/www.notredamedelaconfiance.fr\/index.php\/wp-json\/wp\/v2\/tags?post=557"}],"curies":[{"name":"wp","href":"https:\/\/api.w.org\/{rel}","templated":true}]}}