{"id":561,"date":"2020-04-13T09:03:08","date_gmt":"2020-04-13T07:03:08","guid":{"rendered":"https:\/\/www.notredamedelaconfiance.fr\/?p=561"},"modified":"2020-04-13T09:03:08","modified_gmt":"2020-04-13T07:03:08","slug":"des-croyants-vigoureux-dans-la-foi-et-la-fraternite-en-temps-de-confinement-26","status":"publish","type":"post","link":"https:\/\/www.notredamedelaconfiance.fr\/index.php\/2020\/04\/13\/des-croyants-vigoureux-dans-la-foi-et-la-fraternite-en-temps-de-confinement-26\/","title":{"rendered":"des croyants vigoureux dans la foi et la fraternit\u00e9 en temps de confinement 26"},"content":{"rendered":"\n<p><strong>Aujourd\u2019hui 13 avril, Lundi dans l\u2019Octave de P\u00e2ques<\/strong><\/p>\n\n\n\n<figure class=\"wp-block-image\"><img decoding=\"async\" src=\"https:\/\/www.notredamedelaconfiance.fr\/wp-content\/uploads\/2020\/04\/femmmes-au-tombeau.jpg\" alt=\"\" class=\"wp-image-560\"\/><\/figure>\n\n\n\n<p><strong>Prions<\/strong> (pri\u00e8re apr\u00e8s la communion de la messe de ce jour)<\/p>\n\n\n\n<p>Que la gr\u00e2ce du myst\u00e8re pascal<\/p>\n\n\n\n<p>abonde et fructifie en nous, Dieu tout-puissant&nbsp;;&nbsp;<\/p>\n\n\n\n<p>Tu nous as mis sur le chemin du salut,<\/p>\n\n\n\n<p>aide-nous \u00e0 r\u00e9pondre \u00e0 tes bienfaits.<\/p>\n\n\n\n<p>par J\u00e9sus \u2026<\/p>\n\n\n\n<p><strong>Dans la Parole de Dieu aujourd\u2019hui<\/strong> (Actes des Ap\u00f4tres 2, 32-33)&nbsp;:&nbsp;<\/p>\n\n\n\n<p>Ce J\u00e9sus, Dieu l\u2019a ressuscit\u00e9&nbsp;; nous tous, nous en sommes t\u00e9moins.<\/p>\n\n\n\n<p>\u00c9lev\u00e9 par la droite de Dieu, il a re\u00e7u du P\u00e8re l\u2019Esprit Saint qui \u00e9tait promis, et il l\u2019a r\u00e9pandu sur nous, ainsi que vous le voyez et l\u2019entendez.<\/p>\n\n\n\n<p><strong>Et dans l\u2019Evangile<\/strong> (Matthieu 28, 9-10)&nbsp;:&nbsp;<\/p>\n\n\n\n<p>Et voici que J\u00e9sus vint \u00e0 leur rencontre et leur dit&nbsp;: \u00ab&nbsp;Je vous salue.&nbsp;\u00bb Elles s\u2019approch\u00e8rent, lui saisirent les pieds et se prostern\u00e8rent devant lui.<\/p>\n\n\n\n<p>Alors J\u00e9sus leur dit&nbsp;: \u00ab&nbsp;Soyez sans crainte, allez annoncer \u00e0 mes fr\u00e8res qu\u2019ils doivent se rendre en Galil\u00e9e&nbsp;: c\u2019est l\u00e0 qu\u2019ils me verront.&nbsp;\u00bb<\/p>\n\n\n\n<p><em>J\u00e9sus le Christ est ressuscit\u00e9 au matin de P\u00e2ques.<\/em><\/p>\n\n\n\n<p><em>D\u00e8s qu\u2019il se fait reconna\u00eetre par ses disciples, il leur confie d\u2019\u00eatre t\u00e9moins de sa r\u00e9surrection.<\/em><\/p>\n\n\n\n<p><em>Le r\u00e9sum\u00e9 de la pri\u00e8re annonce de la foi par les chr\u00e9tiens s\u2019\u00e9nonce dans ce qui s\u2019appelle d\u2019un. nom; grec, le K\u00e9rygme&nbsp;:&nbsp; \u00ab&nbsp;Ce J\u00e9sus que vous avez crucifi\u00e9, Dieu l\u2019a ressuscit\u00e9&nbsp;!&nbsp; Nous en sommes t\u00e9moins&nbsp;!&nbsp;&nbsp;\u00bb<\/em><\/p>\n\n\n\n<p><em>Cette annonce de la r\u00e9surrection, l\u2019Eglise ne l\u2019a jamais interrompue et c\u2019est \u00e0 notre tour de la poursuivre pour donner sa lumi\u00e8re \u00e0 notre monde en peine.<\/em><\/p>\n\n\n\n<p><em>All\u00e9luia !<\/em><\/p>\n\n\n\n<p><strong>Intention de pri\u00e8re pur aujourd\u2019hui&nbsp;:&nbsp;&nbsp;<\/strong><\/p>\n\n\n\n<ul class=\"wp-block-list\"><li>Prions pour les chr\u00e9tiens qui inventent des moyens nouveaux pour annoncer la Bonne Nouvelle de J\u00e9sus ressuscit\u00e9 en temps de confinement. Rendons gr\u00e2ce, par exemple, pour les enfants de Rueil qui font un film sur Ste Genevi\u00e8ve et le diffusent sur youtube ce lundi <a href=\"https:\/\/youtu.be\/r9prYFQW0SE\">https:\/\/youtu.be\/r9prYFQW0SE<\/a><\/li><\/ul>\n\n\n\n<p><strong>Intention d\u2019action pour aujourd\u2019hui&nbsp;:&nbsp;&nbsp;<\/strong><\/p>\n\n\n\n<ul class=\"wp-block-list\"><li>Colorier l\u2019image de J\u00e9sus ressuscit\u00e9 jointe \u00e0 ce mail, la photographier et l\u2019envoyer \u00e0 tous ses contacts des r\u00e9seaux sociaux.<\/li><\/ul>\n\n\n\n<p><strong>Psaume 15<\/strong><\/p>\n\n\n\n<p>Garde-moi, mon Dieu :&nbsp;<\/p>\n\n\n\n<p>\tj&rsquo;ai fait de toi mon refuge.<\/p>\n\n\n\n<p>J&rsquo;ai dit au Seigneur : \u00ab Tu es mon Dieu !&nbsp;<\/p>\n\n\n\n<p>Je n&rsquo;ai pas d&rsquo;autre bonheur que toi. \u00bb<\/p>\n\n\n\n<p>Toutes les idoles du pays,&nbsp;<\/p>\n\n\n\n<p>\tces dieux que j&rsquo;aimais, +&nbsp;<\/p>\n\n\n\n<p>ne cessent d&rsquo;\u00e9tendre leurs ravages, *&nbsp;<\/p>\n\n\n\n<p>\tet l&rsquo;on se rue \u00e0 leur suite.<\/p>\n\n\n\n<p>Je n&rsquo;irai pas leur offrir le sang des sacrifices ; *&nbsp;<\/p>\n\n\n\n<p>\tleur nom ne viendra pas sur mes l\u00e8vres !<\/p>\n\n\n\n<p>Seigneur, mon partage et ma coupe :&nbsp;<\/p>\n\n\n\n<p>\tde toi d\u00e9pend mon sort.<\/p>\n\n\n\n<p>La part qui me revient fait mes d\u00e9lices ;&nbsp;<\/p>\n\n\n\n<p>\tj&rsquo;ai m\u00eame le plus bel h\u00e9ritage !<\/p>\n\n\n\n<p>Je b\u00e9nis le Seigneur qui me conseille :&nbsp;<\/p>\n\n\n\n<p>\tm\u00eame la nuit mon coeur m&rsquo;avertit.<\/p>\n\n\n\n<p>Je garde le Seigneur devant moi sans rel\u00e2che ;&nbsp;<\/p>\n\n\n\n<p>\til est \u00e0 ma droite : je suis in\u00e9branlable.<\/p>\n\n\n\n<p>Mon coeur exulte, mon \u00e2me est en f\u00eate,&nbsp;<\/p>\n\n\n\n<p>\tma chair elle-m\u00eame repose en confiance :<\/p>\n\n\n\n<p>tu ne peux m&rsquo;abandonner \u00e0 la mort&nbsp;<\/p>\n\n\n\n<p>\tni laisser ton ami voir la corruption.<\/p>\n\n\n\n<p>Tu m&rsquo;apprends le chemin de la vie : +&nbsp;<\/p>\n\n\n\n<p>\tdevant ta face, d\u00e9bordement de joie !&nbsp;<\/p>\n\n\n\n<p>\t\tA ta droite, \u00e9ternit\u00e9 de d\u00e9lices &nbsp;!&nbsp;<br><\/p>\n\n\n\n<figure class=\"wp-block-image\"><img decoding=\"async\" src=\"https:\/\/www.notredamedelaconfiance.fr\/wp-content\/uploads\/2020\/04\/femmes-au-tombeau-trait.jpg\" alt=\"\" class=\"wp-image-559\"\/><\/figure>\n","protected":false},"excerpt":{"rendered":"<p>Aujourd\u2019hui 13 avril, Lundi dans l\u2019Octave de P\u00e2ques Prions (pri\u00e8re apr\u00e8s la communion de la messe de ce jour) Que la gr\u00e2ce du myst\u00e8re pascal abonde et fructifie en nous, Dieu tout-puissant&nbsp;;&nbsp; Tu nous as mis sur le chemin du salut, aide-nous \u00e0 r\u00e9pondre \u00e0 tes bienfaits. par J\u00e9sus \u2026 Dans la Parole de Dieu [&hellip;]<\/p>\n","protected":false},"author":4,"featured_media":0,"comment_status":"closed","ping_status":"open","sticky":false,"template":"","format":"standard","meta":{"footnotes":""},"categories":[1],"tags":[],"class_list":["post-561","post","type-post","status-publish","format-standard","hentry","category-info"],"_links":{"self":[{"href":"https:\/\/www.notredamedelaconfiance.fr\/index.php\/wp-json\/wp\/v2\/posts\/561","targetHints":{"allow":["GET"]}}],"collection":[{"href":"https:\/\/www.notredamedelaconfiance.fr\/index.php\/wp-json\/wp\/v2\/posts"}],"about":[{"href":"https:\/\/www.notredamedelaconfiance.fr\/index.php\/wp-json\/wp\/v2\/types\/post"}],"author":[{"embeddable":true,"href":"https:\/\/www.notredamedelaconfiance.fr\/index.php\/wp-json\/wp\/v2\/users\/4"}],"replies":[{"embeddable":true,"href":"https:\/\/www.notredamedelaconfiance.fr\/index.php\/wp-json\/wp\/v2\/comments?post=561"}],"version-history":[{"count":1,"href":"https:\/\/www.notredamedelaconfiance.fr\/index.php\/wp-json\/wp\/v2\/posts\/561\/revisions"}],"predecessor-version":[{"id":562,"href":"https:\/\/www.notredamedelaconfiance.fr\/index.php\/wp-json\/wp\/v2\/posts\/561\/revisions\/562"}],"wp:attachment":[{"href":"https:\/\/www.notredamedelaconfiance.fr\/index.php\/wp-json\/wp\/v2\/media?parent=561"}],"wp:term":[{"taxonomy":"category","embeddable":true,"href":"https:\/\/www.notredamedelaconfiance.fr\/index.php\/wp-json\/wp\/v2\/categories?post=561"},{"taxonomy":"post_tag","embeddable":true,"href":"https:\/\/www.notredamedelaconfiance.fr\/index.php\/wp-json\/wp\/v2\/tags?post=561"}],"curies":[{"name":"wp","href":"https:\/\/api.w.org\/{rel}","templated":true}]}}