{"id":569,"date":"2020-04-15T09:22:27","date_gmt":"2020-04-15T07:22:27","guid":{"rendered":"https:\/\/www.notredamedelaconfiance.fr\/?p=569"},"modified":"2020-04-15T09:22:27","modified_gmt":"2020-04-15T07:22:27","slug":"des-croyants-vigoureux-dans-la-foi-et-la-fraternite-en-temps-de-confinement-28","status":"publish","type":"post","link":"https:\/\/www.notredamedelaconfiance.fr\/index.php\/2020\/04\/15\/des-croyants-vigoureux-dans-la-foi-et-la-fraternite-en-temps-de-confinement-28\/","title":{"rendered":"des croyants vigoureux dans la foi et la fraternit\u00e9 en temps de confinement 28"},"content":{"rendered":"\n<p>Bonjour \u00e0 tous.<\/p>\n\n\n\n<p>Merci pour les quelques retours que vous m\u2019avez faits sur cette livraison quotidienne de messages et sur la mission de la chapelle en temps de confinement. Vous pouvez continuer \u00e0 m\u2019adresser vos id\u00e9es et remarques.<\/p>\n\n\n\n<p>Notre diacre Antoine est hospitalis\u00e9 depuis dimanche et compte sur nos pri\u00e8res. Il subit des examens approfondis et souffre beaucoup. Mais il est bien pris en charge et remercie les soignants.<\/p>\n\n\n\n<p><strong>Aujourd\u2019hui 15 avril 2020, mercredi dans l\u2019octave de P\u00e2ques<\/strong><\/p>\n\n\n\n<figure class=\"wp-block-image\"><img decoding=\"async\" src=\"https:\/\/www.notredamedelaconfiance.fr\/wp-content\/uploads\/2020\/04\/Emma\u00fcs.jpg\" alt=\"\" class=\"wp-image-568\"\/><\/figure>\n\n\n\n<p><strong>Prions<\/strong><\/p>\n\n\n\n<p>Seigneur notre Dieu, tu as ressuscit\u00e9 J\u00e9sus ton Fils au matin de P\u00e2ques.<\/p>\n\n\n\n<p>Tu ouvres ainsi un temps nouveau pour les hommes, temps dernier o\u00f9 ils peuvent rendre visible ton R\u00e8gne d\u2019amour et de paix.<\/p>\n\n\n\n<p>Tu vois combien notre monde a vitalement besoin de cet amour et de cette paix du Christ.<\/p>\n\n\n\n<p>Envoie-nous donner ce que nous avons re\u00e7u de toi, \u00e0 d\u00e9faut de moyens et de solutions miracles&nbsp;:&nbsp; le Nom de J\u00e9sus qui permet \u00e0 chacun de se relever de ses faiblesses.<\/p>\n\n\n\n<p>Lui qui vit et r\u00e8gne avec toi et le Saint Esprit pour les si\u00e8cles des si\u00e8cles.<\/p>\n\n\n\n<p><strong>D<\/strong><strong>ans la Parole de Dieu aujourd\u2019hui<\/strong> (Actes des Ap\u00f4tres 3, 6)&nbsp;:&nbsp;<\/p>\n\n\n\n<p>Pierre d\u00e9clara&nbsp;: \u00ab&nbsp;De l\u2019argent et de l\u2019or, je n\u2019en ai pas&nbsp;; mais ce que j\u2019ai, je te le donne&nbsp;: au nom de J\u00e9sus Christ le Nazar\u00e9en, l\u00e8ve-toi et marche.&nbsp;\u00bb<\/p>\n\n\n\n<p><strong>Et dans l\u2019Evangile <\/strong>(Luc 24, 35)&nbsp;:&nbsp;<\/p>\n\n\n\n<p>Ils se dirent l\u2019un \u00e0 l\u2019autre&nbsp;: \u00ab&nbsp;Notre c\u0153ur n\u2019\u00e9tait-il pas br\u00fblant en nous, tandis qu\u2019il nous parlait sur la route et nous ouvrait les \u00c9critures&nbsp;?&nbsp;\u00bb<\/p>\n\n\n\n<p><em>Le coeur tout br\u00fblant des disciples d\u2019Emma\u00fcs est un coeur plein d\u2019\u00e9motion, celle de prendre conscience de la pr\u00e9sence du Seigneur.<\/em><\/p>\n\n\n\n<p><em>Mais ces coeurs br\u00fblants sont aussi des foyers ardents faits pour donner et se donner.<\/em><\/p>\n\n\n\n<p><em>Avec ces disciples, ne restons pas \u00e0 la seule \u00e9motion de la joie de P\u00e2ques, offrons \u00e0 nos contemporains le Nom de J\u00e9sus, celui qui a relev\u00e9 le boiteux de la Belle Porte, capable aussi de relever notre soci\u00e9t\u00e9 boiteuses et abim\u00e9e.<\/em><\/p>\n\n\n\n<p><strong>Intention de pri\u00e8re pour aujourd\u2019hui&nbsp;:&nbsp;<\/strong><\/p>\n\n\n\n<ul class=\"wp-block-list\"><li>Prions pour nos voisins imm\u00e9diats, confin\u00e9s comme nous pour quatre semaines encore. Nous ne pouvons pas les voir mais nous savons qu\u2019ils sont l\u00e0 et qu\u2019eux aussi cherchent \u00e0 vivre au mieux ces conditions compliqu\u00e9es. Peut-\u00eatre sont-ils atteints par des maladies, des souffrances ou des deuils que nous ignorons. Que Dieu s\u2019approche d\u2019eux et les r\u00e9conforte.<\/li><\/ul>\n\n\n\n<p><strong>Intention d\u2019action pour aujourd\u2019hui&nbsp;:&nbsp;<\/strong><\/p>\n\n\n\n<ul class=\"wp-block-list\"><li>Si ce n\u2019est d\u00e9j\u00e0 fait, il n\u2019est pas trop tard pour d\u00e9poser sur les paillassons des voisins une petite carte de voeux de Joyeuses P\u00e2ques.<\/li><\/ul>\n\n\n\n<p><strong>Psaume 110 (105)<\/strong><\/p>\n\n\n\n<p>Rendez gr\u00e2ce au Seigneur, proclamez son nom,&nbsp;<\/p>\n\n\n\n<p>annoncez parmi les peuples ses hauts faits ;<\/p>\n\n\n\n<p>chantez et jouez pour lui,&nbsp;<\/p>\n\n\n\n<p>redites sans fin ses merveilles ;<\/p>\n\n\n\n<p>glorifiez-vous de son nom tr\u00e8s saint :&nbsp;<\/p>\n\n\n\n<p>joie pour les coeurs qui cherchent Dieu !<\/p>\n\n\n\n<p>Cherchez le Seigneur et sa puissance,&nbsp;<\/p>\n\n\n\n<p>recherchez sans tr\u00eave sa face ;<\/p>\n\n\n\n<p>souvenez-vous des merveilles qu&rsquo;il a faites,&nbsp;<\/p>\n\n\n\n<p>de ses prodiges, des jugements qu&rsquo;il pronon\u00e7a,<\/p>\n\n\n\n<p>vous, la race d&rsquo;Abraham son serviteur,&nbsp;<\/p>\n\n\n\n<p>les fils de Jacob, qu&rsquo;il a choisis.<\/p>\n\n\n\n<p>Le Seigneur, c&rsquo;est lui notre Dieu :&nbsp;<\/p>\n\n\n\n<p>ses jugements font loi pour l&rsquo;univers.<\/p>\n\n\n\n<p>Il s&rsquo;est toujours souvenu de son alliance,&nbsp;<\/p>\n\n\n\n<p>parole \u00e9dict\u00e9e pour mille g\u00e9n\u00e9rations :<\/p>\n\n\n\n<p>promesse faite \u00e0 Abraham, garantie par serment \u00e0 Isaac,<\/p>\n\n\n\n<p>\u00e9rig\u00e9e en loi avec Jacob, alliance \u00e9ternelle pour Isra\u00ebl.<\/p>\n\n\n\n<p>Il a dit : \u00ab Je vous donne le pays de Canaan,&nbsp;<\/p>\n\n\n\n<p>ce sera votre part d&rsquo;h\u00e9ritage. \u00bb<\/p>\n\n\n\n<p>En ces temps-l\u00e0, on pouvait les compter :&nbsp;<\/p>\n\n\n\n<p>c&rsquo;\u00e9tait une poign\u00e9e d&rsquo;immigrants ;<\/p>\n\n\n\n<p>ils allaient de nation en nation,&nbsp;<\/p>\n\n\n\n<p>d&rsquo;un royaume vers un autre royaume.<\/p>\n\n\n\n<p>Mais Dieu ne souffrait pas qu&rsquo;on les opprime ;&nbsp;<\/p>\n\n\n\n<p>\u00e0 cause d&rsquo;eux, il ch\u00e2tiait des rois :<\/p>\n\n\n\n<p>\u00ab Ne touchez pas \u00e0 qui m&rsquo;est consacr\u00e9,&nbsp;<\/p>\n\n\n\n<p>ne maltraitez pas mes proph\u00e8tes ! \u00bb<\/p>\n\n\n\n<p>Il appela sur le pays la famine,&nbsp;<\/p>\n\n\n\n<p>le privant de toute ressource.<\/p>\n\n\n\n<p>Mais devant eux il envoya un homme,&nbsp;<\/p>\n\n\n\n<p>Joseph, qui fut vendu comme esclave.<\/p>\n\n\n\n<p>On lui met aux pieds des entraves,&nbsp;<\/p>\n\n\n\n<p>on lui passe des fers au cou ;<\/p>\n\n\n\n<p>il souffrait pour la parole du Seigneur,&nbsp;<\/p>\n\n\n\n<p>jusqu&rsquo;au jour o\u00f9 s&rsquo;accomplit sa pr\u00e9diction.<\/p>\n\n\n\n<p>Le roi ordonne qu&rsquo;il soit rel\u00e2ch\u00e9,&nbsp;<\/p>\n\n\n\n<p>le ma\u00eetre des peuples, qu&rsquo;il soit lib\u00e9r\u00e9.<\/p>\n\n\n\n<p>Il fait de lui le chef de sa maison,&nbsp;<\/p>\n\n\n\n<p>le ma\u00eetre de tous ses biens,<\/p>\n\n\n\n<p>pour que les princes lui soient soumis,&nbsp;<\/p>\n\n\n\n<p>et qu&rsquo;il apprenne la sagesse aux anciens.<\/p>\n\n\n\n<p>Alors Isra\u00ebl entre en \u00c9gypte,&nbsp;<\/p>\n\n\n\n<p>Jacob \u00e9migre au pays de Cham.<\/p>\n\n\n\n<p>Dieu rend son peuple nombreux&nbsp;<\/p>\n\n\n\n<p>et plus puissant que tous ses adversaires ;<\/p>\n\n\n\n<p>ceux-l\u00e0, il les fait se raviser,&nbsp;<\/p>\n\n\n\n<p>ha\u00efr son peuple et tromper ses serviteurs.<\/p>\n\n\n\n<p>Mais il envoie son serviteur,&nbsp;<\/p>\n\n\n\n<p>Mo\u00efse, avec un homme de son choix, Aaron,<\/p>\n\n\n\n<p>pour annoncer des signes prodigieux,&nbsp;<\/p>\n\n\n\n<p>des miracles au pays de Cham.<\/p>\n\n\n\n<p>Il envoie les t\u00e9n\u00e8bres, tout devient t\u00e9n\u00e8bres :&nbsp;<\/p>\n\n\n\n<p>nul ne r\u00e9siste \u00e0 sa parole ;<\/p>\n\n\n\n<p>il change les eaux en sang&nbsp;<\/p>\n\n\n\n<p>et fait p\u00e9rir les poissons.<\/p>\n\n\n\n<p>Des grenouilles envahissent le pays&nbsp;<\/p>\n\n\n\n<p>jusque dans les chambres du roi.<\/p>\n\n\n\n<p>Il parle, et la vermine arrive :&nbsp;<\/p>\n\n\n\n<p>des moustiques, sur toute la contr\u00e9e.<\/p>\n\n\n\n<p>Au lieu de la pluie, il donne la gr\u00eale,&nbsp;<\/p>\n\n\n\n<p>des \u00e9clairs qui incendient les champs ;<\/p>\n\n\n\n<p>il frappe les vignes et les figuiers,&nbsp;<\/p>\n\n\n\n<p>il brise les arbres du pays.<\/p>\n\n\n\n<p>Il parle, et les sauterelles arrivent,&nbsp;<\/p>\n\n\n\n<p>des insectes en nombre infini<\/p>\n\n\n\n<p>qui mangent toute l&rsquo;herbe du pays, qui mangent le fruit de leur sol.<\/p>\n\n\n\n<p>Il frappe les fils a\u00een\u00e9s du pays,&nbsp;<\/p>\n\n\n\n<p>toute la fleur de la race ;<\/p>\n\n\n\n<p>il fait sortir les siens charg\u00e9s d&rsquo;argent et d&rsquo;or ;&nbsp;<\/p>\n\n\n\n<p>pas un n&rsquo;a flanch\u00e9 dans leurs tribus !<\/p>\n\n\n\n<p>Et l&rsquo;\u00c9gypte se r\u00e9jouit de leur d\u00e9part,&nbsp;<\/p>\n\n\n\n<p>car ils l&rsquo;avaient terroris\u00e9e.<\/p>\n\n\n\n<p>Il \u00e9tend une nu\u00e9e pour les couvrir ;&nbsp;<\/p>\n\n\n\n<p>la nuit, un feu les \u00e9claire.<\/p>\n\n\n\n<p>A leur demande, il fait passer des cailles,&nbsp;<\/p>\n\n\n\n<p>il les rassasie du pain venu des cieux ;<\/p>\n\n\n\n<p>il ouvre le rocher : l&rsquo;eau jaillit,&nbsp;<\/p>\n\n\n\n<p>un fleuve coule au d\u00e9sert.<\/p>\n\n\n\n<p>Il s&rsquo;est ainsi souvenu de la parole sacr\u00e9e&nbsp;<\/p>\n\n\n\n<p>et d&rsquo;Abraham, son serviteur ;<\/p>\n\n\n\n<p>il a fait sortir en grande f\u00eate son peuple,&nbsp;<\/p>\n\n\n\n<p>ses \u00e9lus, avec des cris de joie !<\/p>\n\n\n\n<p>Il leur a donn\u00e9 les terres des nations,&nbsp;<\/p>\n\n\n\n<p>en h\u00e9ritage, le travail des peuples,<\/p>\n\n\n\n<p>pourvu qu&rsquo;ils gardent ses volont\u00e9s&nbsp;<\/p>\n\n\n\n<p>et qu&rsquo;ils observent ses lois. All\u00e9luia !<br><\/p>\n\n\n\n<figure class=\"wp-block-image\"><img decoding=\"async\" src=\"https:\/\/www.notredamedelaconfiance.fr\/wp-content\/uploads\/2020\/04\/bo\u00eeteux-\u00e0-la-belle-porte-trait-1024x1024.jpg\" alt=\"\" class=\"wp-image-567\"\/><\/figure>\n","protected":false},"excerpt":{"rendered":"<p>Bonjour \u00e0 tous. Merci pour les quelques retours que vous m\u2019avez faits sur cette livraison quotidienne de messages et sur la mission de la chapelle en temps de confinement. Vous pouvez continuer \u00e0 m\u2019adresser vos id\u00e9es et remarques. Notre diacre Antoine est hospitalis\u00e9 depuis dimanche et compte sur nos pri\u00e8res. Il subit des examens approfondis [&hellip;]<\/p>\n","protected":false},"author":4,"featured_media":0,"comment_status":"closed","ping_status":"open","sticky":false,"template":"","format":"standard","meta":{"footnotes":""},"categories":[1],"tags":[],"class_list":["post-569","post","type-post","status-publish","format-standard","hentry","category-info"],"_links":{"self":[{"href":"https:\/\/www.notredamedelaconfiance.fr\/index.php\/wp-json\/wp\/v2\/posts\/569","targetHints":{"allow":["GET"]}}],"collection":[{"href":"https:\/\/www.notredamedelaconfiance.fr\/index.php\/wp-json\/wp\/v2\/posts"}],"about":[{"href":"https:\/\/www.notredamedelaconfiance.fr\/index.php\/wp-json\/wp\/v2\/types\/post"}],"author":[{"embeddable":true,"href":"https:\/\/www.notredamedelaconfiance.fr\/index.php\/wp-json\/wp\/v2\/users\/4"}],"replies":[{"embeddable":true,"href":"https:\/\/www.notredamedelaconfiance.fr\/index.php\/wp-json\/wp\/v2\/comments?post=569"}],"version-history":[{"count":1,"href":"https:\/\/www.notredamedelaconfiance.fr\/index.php\/wp-json\/wp\/v2\/posts\/569\/revisions"}],"predecessor-version":[{"id":570,"href":"https:\/\/www.notredamedelaconfiance.fr\/index.php\/wp-json\/wp\/v2\/posts\/569\/revisions\/570"}],"wp:attachment":[{"href":"https:\/\/www.notredamedelaconfiance.fr\/index.php\/wp-json\/wp\/v2\/media?parent=569"}],"wp:term":[{"taxonomy":"category","embeddable":true,"href":"https:\/\/www.notredamedelaconfiance.fr\/index.php\/wp-json\/wp\/v2\/categories?post=569"},{"taxonomy":"post_tag","embeddable":true,"href":"https:\/\/www.notredamedelaconfiance.fr\/index.php\/wp-json\/wp\/v2\/tags?post=569"}],"curies":[{"name":"wp","href":"https:\/\/api.w.org\/{rel}","templated":true}]}}