{"id":578,"date":"2020-04-17T08:56:47","date_gmt":"2020-04-17T06:56:47","guid":{"rendered":"https:\/\/www.notredamedelaconfiance.fr\/?p=578"},"modified":"2020-04-17T08:56:47","modified_gmt":"2020-04-17T06:56:47","slug":"des-croyants-vigoureux-dans-la-foi-et-la-fraternite-en-temps-de-confinement-30","status":"publish","type":"post","link":"https:\/\/www.notredamedelaconfiance.fr\/index.php\/2020\/04\/17\/des-croyants-vigoureux-dans-la-foi-et-la-fraternite-en-temps-de-confinement-30\/","title":{"rendered":"des croyants vigoureux dans la foi et la fraternit\u00e9 en temps de confinement 30"},"content":{"rendered":"\n<p>Bonjour \u00e0 tous.<\/p>\n\n\n\n<p><strong>Aujourd\u2019hui 17 avril, vendredi dans l\u2019octave de P\u00e2ques<\/strong><\/p>\n\n\n\n<figure class=\"wp-block-image\"><img decoding=\"async\" src=\"https:\/\/www.notredamedelaconfiance.fr\/wp-content\/uploads\/2020\/04\/p\u00eache-miraculeuse-Witz-1024x895.jpg\" alt=\"\" class=\"wp-image-577\"\/><\/figure>\n\n\n\n<p><strong>Prions<\/strong><\/p>\n\n\n\n<p>Parce qu\u2019il a accept\u00e9 de mourir pour nous et de mourir sur une croix,<\/p>\n\n\n\n<p>tu as conf\u00e9r\u00e9 \u00e0 ton Fils J\u00e9sus le Nom qui est au dessus de tout Nom, le tien, Seigneur.<\/p>\n\n\n\n<p>Accorde-nous de porter fi\u00e8rement ce nom de chr\u00e9tien, malgr\u00e9 notre faiblesse, car il a vous nous prendre en lui avant d\u2019entrer dans sa passion pour qu\u2019avec lui nous ressuscitions \u00e0 la vie \u00e9ternelle.<\/p>\n\n\n\n<p>Par J\u00e9sus, ton Fils, le seul Sauveur qui \u00e9tait mort, qui est ressuscit\u00e9 et qui vit et r\u00e8gne avec toi et le Saint Esprit, Dieu pur les si\u00e8cles des si\u00e8cles.<\/p>\n\n\n\n<p><strong>Dans la Parole de Dieu aujourd\u2019hui <\/strong>(Actes des Ap\u00f4tres 4, 11-12)&nbsp;:&nbsp;<\/p>\n\n\n\n<p>Ce J\u00e9sus est la pierre m\u00e9pris\u00e9e de vous, les b\u00e2tisseurs, mais devenue la pierre d\u2019angle.<\/p>\n\n\n\n<p>En nul autre que lui, il n\u2019y a de salut, car, sous le ciel, aucun autre nom n\u2019est donn\u00e9 aux hommes, qui puisse nous sauver<\/p>\n\n\n\n<p><strong>Et dans l\u2019Evangile<\/strong> (Jean 21, 6-7)&nbsp;:&nbsp;<\/p>\n\n\n\n<p>Il leur dit&nbsp;: \u00ab&nbsp;Jetez le filet \u00e0 droite de la barque, et vous trouverez.&nbsp;\u00bb&nbsp;<\/p>\n\n\n\n<p>Ils jet\u00e8rent donc le filet, et cette fois ils n\u2019arrivaient pas \u00e0 le tirer, tellement il y avait de poissons.<\/p>\n\n\n\n<p>Alors, le disciple que J\u00e9sus aimait dit \u00e0 Pierre&nbsp;: \u00ab&nbsp;C\u2019est le Seigneur&nbsp;!&nbsp;\u00bb&nbsp;<\/p>\n\n\n\n<p><em>Dans la culture biblique, la mention du nom d\u2019une personne d\u00e9signe la personne tout enti\u00e8re. Quand on dit&nbsp;:&nbsp; \u00ab&nbsp;Au Nom de J\u00e9sus, \u2026&nbsp;\u00bb&nbsp;;&nbsp; on ne fait pas que prononcer un mot oui une formule puissante pour faire des miracles, on invoque la personne du Christ tout enti\u00e8re et sa seigneurie.<\/em><\/p>\n\n\n\n<p><em>N\u2019invoquons pas le nom de J\u00e9sus \u00e0 la l\u00e9g\u00e8re, comme une habitude de langage (par exemple \u2018Oh mon Dieu !\u2019 ou \u2018Doux J\u00e9sus!\u2019) sans prendre conscience de sa pr\u00e9sence r\u00e9elle avec nous.<\/em><\/p>\n\n\n\n<p><em>Par contre, lorsqu\u2019il y a un enjeu important ou une pri\u00e8re vitale \u00e0 faire, on peut implorer le Seigneur J\u00e9sus pour qu\u2019il agisse en gr\u00e2ce.<\/em><\/p>\n\n\n\n<p><em>Nous voyons dans l\u2019Evangile d\u2019aujourd\u2019hui, qu\u2019il est le seul qui puisse donner une v\u00e9ritable f\u00e9condit\u00e9 \u00e0 nos efforts.<\/em><\/p>\n\n\n\n<p><strong>Intention de pri\u00e8re pour aujourd\u2019hui&nbsp;:&nbsp;<\/strong><\/p>\n\n\n\n<ul class=\"wp-block-list\"><li>Prions sp\u00e9cialement aujourd\u2019hui pour les agriculteurs, mara\u00eechers, p\u00e9cheurs, \u00e9leveurs, etc. qui nous nourrissent malgr\u00e9 les menaces \u00e9conomiques qui p\u00e8sent sur leurs exploitations<\/li><\/ul>\n\n\n\n<p><strong>Intention d\u2019action pour aujourd\u2019hui&nbsp;:&nbsp;<\/strong><\/p>\n\n\n\n<ul class=\"wp-block-list\"><li>Entre deux activit\u00e9s tout au long de la journ\u00e9e, prenons chaque fois dix secondes pour penser \u00e0 J\u00e9sus et prendre conscience de sa Pr\u00e9sence simple, puissante et aimante \u00e0 nos c\u00f4t\u00e9s.<\/li><\/ul>\n\n\n\n<p><strong>Psaume 117 (118)<\/strong><\/p>\n\n\n\n<p>All\u00e9luia<\/p>\n\n\n\n<p>Rendez gr\u00e2ce au Seigneur : Il est bon ! *&nbsp;<\/p>\n\n\n\n<p>\u00c9ternel est son amour !<\/p>\n\n\n\n<p>Oui, que le dise Isra\u00ebl :&nbsp;<\/p>\n\n\n\n<p>\u00c9ternel est son amour ! +<\/p>\n\n\n\n<p>Que le dise la maison d&rsquo;Aaron :&nbsp;<\/p>\n\n\n\n<p>\u00c9ternel est son amour ! *<\/p>\n\n\n\n<p>Qu&rsquo;ils le disent, ceux qui craignent le Seigneur :&nbsp;<\/p>\n\n\n\n<p>\u00c9ternel est son amour !<\/p>\n\n\n\n<p>Dans mon angoisse j&rsquo;ai cri\u00e9 vers le Seigneur,&nbsp;<\/p>\n\n\n\n<p>et lui m&rsquo;a exauc\u00e9, mis au large.<\/p>\n\n\n\n<p>Le Seigneur est pour moi, je ne crains pas ;&nbsp;<\/p>\n\n\n\n<p>que pourrait un homme contre moi ?<\/p>\n\n\n\n<p>Le Seigneur est avec moi pour me d\u00e9fendre,&nbsp;<\/p>\n\n\n\n<p>et moi, je braverai mes ennemis.<\/p>\n\n\n\n<p>Mieux vaut s&rsquo;appuyer sur le Seigneur&nbsp;<\/p>\n\n\n\n<p>que de compter sur les hommes ; *<\/p>\n\n\n\n<p>mieux vaut s&rsquo;appuyer sur le Seigneur&nbsp;<\/p>\n\n\n\n<p>que de compter sur les puissants !<\/p>\n\n\n\n<p>Toutes les nations m&rsquo;ont encercl\u00e9 :&nbsp;<\/p>\n\n\n\n<p>au nom du Seigneur, je les d\u00e9truis !<\/p>\n\n\n\n<p>Elles m&rsquo;ont cern\u00e9, encercl\u00e9 :&nbsp;<\/p>\n\n\n\n<p>au nom du Seigneur, je les d\u00e9truis !<\/p>\n\n\n\n<p>Elles m&rsquo;ont cern\u00e9 comme des gu\u00eapes : +&nbsp;<\/p>\n\n\n\n<p>(- ce n&rsquo;\u00e9tait qu&rsquo;un feu de ronces -) *&nbsp;<\/p>\n\n\n\n<p>au nom du Seigneur, je les d\u00e9truis !<\/p>\n\n\n\n<p>On m&rsquo;a pouss\u00e9, bouscul\u00e9 pour m&rsquo;abattre ;&nbsp;<\/p>\n\n\n\n<p>mais le Seigneur m&rsquo;a d\u00e9fendu.<\/p>\n\n\n\n<p>Ma force et mon chant, c&rsquo;est le Seigneur ;&nbsp;<\/p>\n\n\n\n<p>il est pour moi le salut.<\/p>\n\n\n\n<p>Clameurs de joie et de victoire *&nbsp;<\/p>\n\n\n\n<p>sous les tentes des justes :&nbsp;<\/p>\n\n\n\n<p>\u00ab Le bras du Seigneur est fort,<\/p>\n\n\n\n<p>le bras du Seigneur se l\u00e8ve, *&nbsp;<\/p>\n\n\n\n<p>le bras du Seigneur est fort ! \u00bb<\/p>\n\n\n\n<p>Non, je ne mourrai pas, je vivrai&nbsp;<\/p>\n\n\n\n<p>pour annoncer les actions du Seigneur :<\/p>\n\n\n\n<p>il m&rsquo;a frapp\u00e9, le Seigneur, il m&rsquo;a frapp\u00e9,&nbsp;<\/p>\n\n\n\n<p>mais sans me livrer \u00e0 la mort.<\/p>\n\n\n\n<p>Ouvrez-moi les portes de justice :&nbsp;<\/p>\n\n\n\n<p>j&rsquo;entrerai, je rendrai gr\u00e2ce au Seigneur.<\/p>\n\n\n\n<p>\u00ab C&rsquo;est ici la porte du Seigneur :&nbsp;<\/p>\n\n\n\n<p>qu&rsquo;ils entrent, les justes ! \u00bb<\/p>\n\n\n\n<p>Je te rends gr\u00e2ce car tu m&rsquo;as exauc\u00e9 :&nbsp;<\/p>\n\n\n\n<p>tu es pour moi le salut.<\/p>\n\n\n\n<p>La pierre qu&rsquo;ont rejet\u00e9e les b\u00e2tisseurs&nbsp;<\/p>\n\n\n\n<p>est devenue la pierre d&rsquo;angle :<\/p>\n\n\n\n<p>c&rsquo;est l\u00e0 l&rsquo;oeuvre du Seigneur,&nbsp;<\/p>\n\n\n\n<p>la merveille devant nos yeux.<\/p>\n\n\n\n<p>Voici le jour que fit le Seigneur,&nbsp;<\/p>\n\n\n\n<p>qu&rsquo;il soit pour nous jour de f\u00eate et de joie !<\/p>\n\n\n\n<p>Donne, Seigneur, donne le salut !&nbsp;<\/p>\n\n\n\n<p>Donne, Seigneur, donne la victoire !<\/p>\n\n\n\n<p>B\u00e9ni soit au nom du Seigneur celui qui vient ! *&nbsp;<\/p>\n\n\n\n<p>De la maison du Seigneur, nous vous b\u00e9nissons !<\/p>\n\n\n\n<p>Dieu, le Seigneur, nous illumine.&nbsp;<\/p>\n\n\n\n<p>Rameaux en main, formez vos cort\u00e8ges&nbsp;<\/p>\n\n\n\n<p>jusqu&rsquo;aupr\u00e8s de l&rsquo;autel.<\/p>\n\n\n\n<p>Tu es mon Dieu, je te rends gr\u00e2ce, *&nbsp;<\/p>\n\n\n\n<p>mon Dieu, je t&rsquo;exalte !<\/p>\n\n\n\n<p>Rendez gr\u00e2ce au Seigneur : Il est bon !&nbsp;<\/p>\n\n\n\n<p>\u00c9ternel est son amour !<\/p>\n\n\n\n<figure class=\"wp-block-image\"><img decoding=\"async\" src=\"https:\/\/www.notredamedelaconfiance.fr\/wp-content\/uploads\/2020\/04\/p\u00eache-miraculeuse-trait-711x1024.gif\" alt=\"\" class=\"wp-image-576\"\/><\/figure>\n","protected":false},"excerpt":{"rendered":"<p>Bonjour \u00e0 tous. Aujourd\u2019hui 17 avril, vendredi dans l\u2019octave de P\u00e2ques Prions Parce qu\u2019il a accept\u00e9 de mourir pour nous et de mourir sur une croix, tu as conf\u00e9r\u00e9 \u00e0 ton Fils J\u00e9sus le Nom qui est au dessus de tout Nom, le tien, Seigneur. Accorde-nous de porter fi\u00e8rement ce nom de chr\u00e9tien, malgr\u00e9 notre [&hellip;]<\/p>\n","protected":false},"author":4,"featured_media":0,"comment_status":"closed","ping_status":"open","sticky":false,"template":"","format":"standard","meta":{"footnotes":""},"categories":[1],"tags":[],"class_list":["post-578","post","type-post","status-publish","format-standard","hentry","category-info"],"_links":{"self":[{"href":"https:\/\/www.notredamedelaconfiance.fr\/index.php\/wp-json\/wp\/v2\/posts\/578","targetHints":{"allow":["GET"]}}],"collection":[{"href":"https:\/\/www.notredamedelaconfiance.fr\/index.php\/wp-json\/wp\/v2\/posts"}],"about":[{"href":"https:\/\/www.notredamedelaconfiance.fr\/index.php\/wp-json\/wp\/v2\/types\/post"}],"author":[{"embeddable":true,"href":"https:\/\/www.notredamedelaconfiance.fr\/index.php\/wp-json\/wp\/v2\/users\/4"}],"replies":[{"embeddable":true,"href":"https:\/\/www.notredamedelaconfiance.fr\/index.php\/wp-json\/wp\/v2\/comments?post=578"}],"version-history":[{"count":1,"href":"https:\/\/www.notredamedelaconfiance.fr\/index.php\/wp-json\/wp\/v2\/posts\/578\/revisions"}],"predecessor-version":[{"id":579,"href":"https:\/\/www.notredamedelaconfiance.fr\/index.php\/wp-json\/wp\/v2\/posts\/578\/revisions\/579"}],"wp:attachment":[{"href":"https:\/\/www.notredamedelaconfiance.fr\/index.php\/wp-json\/wp\/v2\/media?parent=578"}],"wp:term":[{"taxonomy":"category","embeddable":true,"href":"https:\/\/www.notredamedelaconfiance.fr\/index.php\/wp-json\/wp\/v2\/categories?post=578"},{"taxonomy":"post_tag","embeddable":true,"href":"https:\/\/www.notredamedelaconfiance.fr\/index.php\/wp-json\/wp\/v2\/tags?post=578"}],"curies":[{"name":"wp","href":"https:\/\/api.w.org\/{rel}","templated":true}]}}