{"id":590,"date":"2020-04-20T10:59:10","date_gmt":"2020-04-20T08:59:10","guid":{"rendered":"https:\/\/www.notredamedelaconfiance.fr\/?p=590"},"modified":"2020-04-20T10:59:10","modified_gmt":"2020-04-20T08:59:10","slug":"des-croyants-vigoureux-dans-la-foi-et-la-fraternite-33","status":"publish","type":"post","link":"https:\/\/www.notredamedelaconfiance.fr\/index.php\/2020\/04\/20\/des-croyants-vigoureux-dans-la-foi-et-la-fraternite-33\/","title":{"rendered":"des croyants vigoureux dans la foi et la fraternit\u00e9 33"},"content":{"rendered":"\n<p>Bonjour \u00e0 tous et bonne semaine.<\/p>\n\n\n\n<p><strong>Aujourd\u2019hui 20 avril 2020, lundi de la 2<\/strong><strong><sup>\u00e8me<\/sup><\/strong><strong> semaine de P\u00e2ques<\/strong><\/p>\n\n\n\n<figure class=\"wp-block-image\"><img decoding=\"async\" src=\"https:\/\/www.notredamedelaconfiance.fr\/wp-content\/uploads\/2020\/04\/Nicodeme.jpg\" alt=\"\" class=\"wp-image-589\"\/><\/figure>\n\n\n\n<p><strong>Prions<\/strong><\/p>\n\n\n\n<p>Dieu tout-puissant,<\/p>\n\n\n\n<p>\ttoi que nouons pouvons d\u00e9j\u00e0 appeler notre P\u00e8re,<\/p>\n\n\n\n<p>fais grandir en nos coeurs l\u2019esprit filial,<\/p>\n\n\n\n<p>\tafin d\u2019entrer un jour dans l\u2019h\u00e9ritage qui nous est promis.<\/p>\n\n\n\n<p>Par J\u00e9sus-Christ \u2026<\/p>\n\n\n\n<p><strong>Dans la Parole de Dieu aujourd\u2019hui <\/strong>(Actes des Ap\u00f4tres 4, 27-30)&nbsp;:&nbsp;<\/p>\n\n\n\n<p>\u00ab&nbsp;\u2026 H\u00e9rode et Ponce Pilate, avec les nations et le peuple d\u2019Isra\u00ebl, se sont ligu\u00e9s contre J\u00e9sus, ton Saint, ton Serviteur, le Christ \u00e0 qui tu as donn\u00e9 l\u2019onction&nbsp;;<\/p>\n\n\n\n<p>ils ont fait tout ce que tu avais d\u00e9cid\u00e9 d\u2019avance dans ta puissance et selon ton dessein.<\/p>\n\n\n\n<p>Et maintenant, Seigneur, sois attentif \u00e0 leurs menaces&nbsp;: donne \u00e0 ceux qui te servent de dire ta parole avec une totale assurance.<\/p>\n\n\n\n<p>\u00c9tends donc ta main pour que se produisent gu\u00e9risons, signes et prodiges, par le nom de J\u00e9sus, ton Saint, ton Serviteur.&nbsp;\u00bb<\/p>\n\n\n\n<p><strong>Et dans l\u2019Evangile <\/strong>(Jean 3, 5-7)&nbsp;:&nbsp;<\/p>\n\n\n\n<p>J\u00e9sus r\u00e9pondit&nbsp;: \u00ab&nbsp;Amen, amen, je te le dis&nbsp;: personne, \u00e0 moins de na\u00eetre de l\u2019eau et de l\u2019Esprit, ne peut entrer dans le royaume de Dieu.<\/p>\n\n\n\n<p>Ce qui est n\u00e9 de la chair est chair&nbsp;; ce qui est n\u00e9 de l\u2019Esprit est esprit.<\/p>\n\n\n\n<p>Ne sois pas \u00e9tonn\u00e9 si je t\u2019ai dit&nbsp;: il vous faut na\u00eetre d\u2019en haut.<\/p>\n\n\n\n<p><em>Dans la pens\u00e9e de Saint Jean, la \u2018chair\u2019, c\u2019est ce que nous percevons de mat\u00e9riel dans me monde quand ce n\u2019est pas rapport\u00e9 \u00e0 Dieu. Avec Saint Paul, il parle ainsi de \u2018ce monde\u2019<\/em><\/p>\n\n\n\n<p><em>Et ce qui est \u2018Esprit\u2019, c\u2019est ce monde que nous percevons quand nous y voyons l\u2019oeuvre de Dieu Cr\u00e9ateur et son projet de communion.&nbsp;<\/em><\/p>\n\n\n\n<p><em>J\u00e9sus, l\u2019envoy\u00e9 du P\u00e8re n\u2019est pas de \u2018ce monde\u2019&nbsp;;&nbsp; il est de Dieu.&nbsp;<\/em><\/p>\n\n\n\n<p><em>Et lorsqu\u2019il nous prend en Lui par la foi, il nous \u00e9tablit comme enfants de Dieu dans \u2018ce monde\u2019 sans que nous ne soyons plus de \u2018ce monde\u2019, ou de cette \u2018chair\u2019.<\/em><\/p>\n\n\n\n<p><em>C\u2019est pourquoi \u2018ce monde\u2019 ne peut pas supporter longtemps les chr\u00e9tiens&nbsp;:&nbsp; nous affirmons par notre foi que la Cr\u00e9ation de Dieu, et donc nous-m\u00eames avec elle, est faite pour \u00eatre une louange \u00e0 Dieu et une communion avec Lui et entre nous.<\/em><\/p>\n\n\n\n<p><em>Ne craignons pas d\u2019aimer \u2018ce monde\u2019 et les gens qui le composent en \u00e9tant diff\u00e9rent de lui, habit\u00e9s par une esp\u00e9rance que \u2018ce monde\u2019 ou cette \u2018chair\u2019 n\u2019ont pas accueillie.<\/em><\/p>\n\n\n\n<p><strong>Intention de pri\u00e8re pour aujourd\u2019hui&nbsp;:&nbsp;<\/strong><\/p>\n\n\n\n<p>Prions pour tous ceux de nos fr\u00e8res humains qui n\u2019ont qu\u2019un horizon mat\u00e9rialiste, sans esp\u00e9rance de communion en Dieu&nbsp;;&nbsp; qu\u2019ils soient touch\u00e9s par la proximit\u00e9 de J\u00e9sus-Christ.<\/p>\n\n\n\n<p><strong>Intention d\u2019action pour aujourd\u2019hui&nbsp;:&nbsp;<\/strong><\/p>\n\n\n\n<p>On peut s\u2019informer sur les situations de pers\u00e9cution des chr\u00e9tiens dans le monde. Pa exemple en allant visiter e site de l\u2019Aide \u00e0 l\u2019(Eglise en D\u00e9tresse (<a href=\"https:\/\/www.aed-france.org\">https:\/\/www.aed-france.org<\/a>)<\/p>\n\n\n\n<p><strong>Psaume 2<\/strong><\/p>\n\n\n\n<p>Pourquoi ce tumulte des nations,&nbsp;<\/p>\n\n\n\n<p>ce vain murmure des peuples ?<\/p>\n\n\n\n<p>Les rois de la terre se dressent,&nbsp;<\/p>\n\n\n\n<p>les grands se liguent entre eux&nbsp;<\/p>\n\n\n\n<p>contre le Seigneur et son messie :<\/p>\n\n\n\n<p>\u00ab Faisons sauter nos cha\u00eenes,&nbsp;<\/p>\n\n\n\n<p>rejetons ces entraves ! \u00bb<\/p>\n\n\n\n<p>Celui qui r\u00e8gne dans les cieux s&rsquo;en amuse,&nbsp;<\/p>\n\n\n\n<p>le Seigneur les tourne en d\u00e9rision ;<\/p>\n\n\n\n<p>puis il leur parle avec fureur ,&nbsp;<\/p>\n\n\n\n<p>et sa col\u00e8re les \u00e9pouvante :<\/p>\n\n\n\n<p>\u00ab Moi, j&rsquo;ai sacr\u00e9 mon roi&nbsp;<\/p>\n\n\n\n<p>sur Sion, ma sainte montagne. \u00bb<\/p>\n\n\n\n<p>Je proclame le d\u00e9cret du Seigneur ! +&nbsp;<\/p>\n\n\n\n<p>Il m&rsquo;a dit : \u00ab Tu es mon fils ;&nbsp;<\/p>\n\n\n\n<p>moi, aujourd&rsquo;hui, je t&rsquo;ai engendr\u00e9.<\/p>\n\n\n\n<p>Demande, et je te donne en h\u00e9ritage les nations,&nbsp;<\/p>\n\n\n\n<p>pour domaine la terre tout enti\u00e8re.<\/p>\n\n\n\n<p>Tu les d\u00e9truiras de ton sceptre de fer,&nbsp;<\/p>\n\n\n\n<p>tu les briseras comme un vase de potier. \u00bb<\/p>\n\n\n\n<p>Maintenant, rois, comprenez,&nbsp;<\/p>\n\n\n\n<p>reprenez-vous, juges de la terre.<\/p>\n\n\n\n<p>Servez le Seigneur avec crainte,&nbsp;<\/p>\n\n\n\n<p>rendez-lui votre hommage en tremblant.<\/p>\n\n\n\n<p>Qu&rsquo;il s&rsquo;irrite et vous \u00eates perdus :&nbsp;<\/p>\n\n\n\n<p>soudain sa col\u00e8re \u00e9clatera.&nbsp;<\/p>\n\n\n\n<p>Heureux qui trouve en lui son refuge !<\/p>\n\n\n\n<figure class=\"wp-block-image\"><img decoding=\"async\" src=\"https:\/\/www.notredamedelaconfiance.fr\/wp-content\/uploads\/2020\/04\/nicodeme-et-jesus-coloriage-2.jpg\" alt=\"\" class=\"wp-image-588\"\/><\/figure>\n","protected":false},"excerpt":{"rendered":"<p>Bonjour \u00e0 tous et bonne semaine. Aujourd\u2019hui 20 avril 2020, lundi de la 2\u00e8me semaine de P\u00e2ques Prions Dieu tout-puissant, toi que nouons pouvons d\u00e9j\u00e0 appeler notre P\u00e8re, fais grandir en nos coeurs l\u2019esprit filial, afin d\u2019entrer un jour dans l\u2019h\u00e9ritage qui nous est promis. Par J\u00e9sus-Christ \u2026 Dans la Parole de Dieu aujourd\u2019hui (Actes [&hellip;]<\/p>\n","protected":false},"author":4,"featured_media":0,"comment_status":"closed","ping_status":"open","sticky":false,"template":"","format":"standard","meta":{"footnotes":""},"categories":[1],"tags":[],"class_list":["post-590","post","type-post","status-publish","format-standard","hentry","category-info"],"_links":{"self":[{"href":"https:\/\/www.notredamedelaconfiance.fr\/index.php\/wp-json\/wp\/v2\/posts\/590","targetHints":{"allow":["GET"]}}],"collection":[{"href":"https:\/\/www.notredamedelaconfiance.fr\/index.php\/wp-json\/wp\/v2\/posts"}],"about":[{"href":"https:\/\/www.notredamedelaconfiance.fr\/index.php\/wp-json\/wp\/v2\/types\/post"}],"author":[{"embeddable":true,"href":"https:\/\/www.notredamedelaconfiance.fr\/index.php\/wp-json\/wp\/v2\/users\/4"}],"replies":[{"embeddable":true,"href":"https:\/\/www.notredamedelaconfiance.fr\/index.php\/wp-json\/wp\/v2\/comments?post=590"}],"version-history":[{"count":1,"href":"https:\/\/www.notredamedelaconfiance.fr\/index.php\/wp-json\/wp\/v2\/posts\/590\/revisions"}],"predecessor-version":[{"id":591,"href":"https:\/\/www.notredamedelaconfiance.fr\/index.php\/wp-json\/wp\/v2\/posts\/590\/revisions\/591"}],"wp:attachment":[{"href":"https:\/\/www.notredamedelaconfiance.fr\/index.php\/wp-json\/wp\/v2\/media?parent=590"}],"wp:term":[{"taxonomy":"category","embeddable":true,"href":"https:\/\/www.notredamedelaconfiance.fr\/index.php\/wp-json\/wp\/v2\/categories?post=590"},{"taxonomy":"post_tag","embeddable":true,"href":"https:\/\/www.notredamedelaconfiance.fr\/index.php\/wp-json\/wp\/v2\/tags?post=590"}],"curies":[{"name":"wp","href":"https:\/\/api.w.org\/{rel}","templated":true}]}}