{"id":598,"date":"2020-04-22T09:12:04","date_gmt":"2020-04-22T07:12:04","guid":{"rendered":"https:\/\/www.notredamedelaconfiance.fr\/?p=598"},"modified":"2020-04-22T09:12:04","modified_gmt":"2020-04-22T07:12:04","slug":"des-croyants-vigoureux-dans-la-foi-et-la-fraternite-en-temps-de-confinement-35","status":"publish","type":"post","link":"https:\/\/www.notredamedelaconfiance.fr\/index.php\/2020\/04\/22\/des-croyants-vigoureux-dans-la-foi-et-la-fraternite-en-temps-de-confinement-35\/","title":{"rendered":"des croyants vigoureux dans la foi et la fraternit\u00e9 en temps de confinement 35"},"content":{"rendered":"\n<p>Bonjour \u00e0 tous.<\/p>\n\n\n\n<p>Que Dieu vous b\u00e9nisse est vous garde dans sa Paix !<\/p>\n\n\n\n<p><strong>Aujourd\u2019hui 22 avril 2020, mercredi de la 2<\/strong><strong><sup>\u00e8me<\/sup><\/strong><strong> semaine de P\u00e2ques<\/strong><\/p>\n\n\n\n<figure class=\"wp-block-image\"><img decoding=\"async\" src=\"https:\/\/www.notredamedelaconfiance.fr\/wp-content\/uploads\/2020\/04\/Ap\u00f4tres-lib\u00e9r\u00e9s.jpg\" alt=\"\" class=\"wp-image-597\"\/><\/figure>\n\n\n\n<p><strong>Prions<\/strong><\/p>\n\n\n\n<p>Chaque ann\u00e9e, Seigneur, tu nous fais revivre le myst\u00e8re pascal<\/p>\n\n\n\n<p>\to\u00f9 l\u2019homme, r\u00e9tabli dans sa dignit\u00e9,<\/p>\n\n\n\n<p>\t\ttrouve l\u2019esp\u00e9rance de la r\u00e9surrection.<\/p>\n\n\n\n<p>Donne-nous de toujours d\u2019accueillir avec amour<\/p>\n\n\n\n<p>\tce que nous c\u00e9l\u00e9brons dans la foi.<\/p>\n\n\n\n<p>par J\u00e9sus-Christ \u2026<\/p>\n\n\n\n<p><strong>Aujourd\u2019hui dans la Parole de Dieu <\/strong>(Actes des Ap\u00f4tres 5, 25)&nbsp;:&nbsp;<\/p>\n\n\n\n<p>L\u00e0-dessus, quelqu\u2019un vient () annoncer (au Grand Pr\u00eatre et au Conseil supr\u00eame)&nbsp;:&nbsp;<\/p>\n\n\n\n<p>\u00ab&nbsp;Les hommes que vous aviez mis en prison, <br>\nvoil\u00e0 qu\u2019ils se tiennent dans le Temple et enseignent le peuple&nbsp;!&nbsp;\u00bb<\/p>\n\n\n\n<p><strong>Et dans l\u2019Evangile<\/strong> (Jean 3, 19)&nbsp;:&nbsp;<\/p>\n\n\n\n<p>Et le Jugement, le voici&nbsp;: la lumi\u00e8re est venue dans le monde, <br>\net les hommes ont pr\u00e9f\u00e9r\u00e9 les t\u00e9n\u00e8bres \u00e0 la lumi\u00e8re, <br>\n\tparce que leurs \u0153uvres \u00e9taient mauvaises.<\/p>\n\n\n\n<p><em>On entend dire, parfois on lit, que le fl\u00e9au qui nous atteint est une punition de Dieu.<br>\nNon&nbsp;!&nbsp;<\/em><\/p>\n\n\n\n<p><em>Car depuis la mort et la r\u00e9surrection de J\u00e9sus, nous savons que Dieu ne punit pas , mais qu\u2019il prend sur Lui les cons\u00e9quences de nos p\u00e9ch\u00e9s.<\/em><\/p>\n\n\n\n<p><em>Par contre, les hommes, eux, se punissent entre eux, et ce n\u2019est pas par justice&nbsp;:&nbsp; le repliement sur soi par \u00e9go\u00efsme, l\u2019accroissement des in\u00e9galit\u00e9s entre riches et pauvres, les violences que nous nous infligeons mutuellement, tout cela, n\u2019est pas de Dieu mais du mauvais.<\/em><\/p>\n\n\n\n<p><em>Et la pauvre nature, surexploit\u00e9e par nos ambitions, m\u00e9pris\u00e9e par nos orgueils, n\u2019en peut plus de nos agressions. Fatigu\u00e9e de nous prot\u00e9ger malgr\u00e9 nous, elle l\u00e2che un virus parce qu\u2019elle n\u2019a plus les moyens de le retenir.&nbsp;<\/em><\/p>\n\n\n\n<p><em>Et nous voil\u00e0 punis, \u2026 par nous-m\u00eames&nbsp;!&nbsp;&nbsp;<\/em><\/p>\n\n\n\n<p><em>Il est remps de nous convertir, non seulement \u00e0 r\u00e9inviter Dieu dans nos vies, mais aussi \u00e0 changer radicalement nos comportements d\u2019esp\u00e8ce invasive et pr\u00e9datrice.<\/em><\/p>\n\n\n\n<p><em>A commencer par la consommation de ce qui d\u00e9truit plus la nature que ce que \u00e7a nous apporte de bienfaits humains (voyages, technologie, etc.)<\/em><\/p>\n\n\n\n<p><strong>Intention de pri\u00e8re pour aujourd\u2019hui&nbsp;:&nbsp;&nbsp;<\/strong><\/p>\n\n\n\n<ul class=\"wp-block-list\"><li>Prions pur que l\u2019\u00e9preuve si douloureuse que vous traversons tous soit une opportunit\u00e9 de changer nos coeurs et de choisir la sobri\u00e9t\u00e9 et le soin de la plan\u00e8te.<\/li><\/ul>\n\n\n\n<p><strong>Intention. d\u2019action pour aujourd\u2019hui&nbsp;:&nbsp;&nbsp;<\/strong><\/p>\n\n\n\n<ul class=\"wp-block-list\"><li>Revisitons nos projets d\u2019apr\u00e8s la confinement, pur qu\u2019ils ne soient pas une ru\u00e9e vers le rattrapage de consommation, pour qu\u2019ils p\u00e8sent le moins possible, sur la sant\u00e9 de la nature.<\/li><\/ul>\n\n\n\n<p><strong>Psaume 33 (34)<\/strong><\/p>\n\n\n\n<p>Je b\u00e9nirai le Seigneur en tout temps,&nbsp;<\/p>\n\n\n\n<p>sa louange sans cesse \u00e0 mes l\u00e8vres.<\/p>\n\n\n\n<p>Je me glorifierai dans le Seigneur :&nbsp;<\/p>\n\n\n\n<p>que les pauvres m&rsquo;entendent <br>\net soient en f\u00eate !<\/p>\n\n\n\n<p>Magnifiez avec moi le Seigneur,&nbsp;<\/p>\n\n\n\n<p>exaltons tous ensemble son nom.<\/p>\n\n\n\n<p>Je cherche le Seigneur, il me r\u00e9pond :&nbsp;<\/p>\n\n\n\n<p>de toutes mes frayeurs, il me d\u00e9livre.<\/p>\n\n\n\n<p>Qui regarde vers lui resplendira,&nbsp;<\/p>\n\n\n\n<p>sans ombre ni trouble au visage.<\/p>\n\n\n\n<p>Un pauvre crie ; le Seigneur entend :&nbsp;<\/p>\n\n\n\n<p>il le sauve de toutes ses angoisses.<\/p>\n\n\n\n<p>L&rsquo;ange du Seigneur campe \u00e0 l&rsquo;entour&nbsp;<\/p>\n\n\n\n<p>pour lib\u00e9rer ceux qui le craignent.<\/p>\n\n\n\n<p>Go\u00fbtez et voyez : le Seigneur est bon !&nbsp;<\/p>\n\n\n\n<p>Heureux qui trouve en lui son refuge !<\/p>\n\n\n\n<p>Saints du Seigneur, adorez-le :&nbsp;<\/p>\n\n\n\n<p>rien ne manque \u00e0 ceux qui le craignent.<\/p>\n\n\n\n<p>Des riches ont tout perdu, ils ont faim ;&nbsp;<\/p>\n\n\n\n<p>qui cherche le Seigneur <br>\nne manquera d\u2019aucun bien.<\/p>\n\n\n\n<p>Venez, mes fils, \u00e9coutez-moi,&nbsp;<\/p>\n\n\n\n<p>que je vous enseigne la crainte du Seigneur.<\/p>\n\n\n\n<p>Qui donc aime la vie&nbsp;<\/p>\n\n\n\n<p>et d\u00e9sire les jours o\u00f9 il verra le bonheur ?<\/p>\n\n\n\n<p>Garde ta langue du mal&nbsp;<\/p>\n\n\n\n<p>et tes l\u00e8vres des paroles perfides.<\/p>\n\n\n\n<p>\u00c9vite le mal, fais ce qui est bien,&nbsp;<\/p>\n\n\n\n<p>poursuis la paix, recherche-la.<\/p>\n\n\n\n<p>Le Seigneur regarde les justes,&nbsp;<\/p>\n\n\n\n<p>il \u00e9coute, attentif \u00e0 leurs cris.<\/p>\n\n\n\n<p>Le Seigneur affronte les m\u00e9chants&nbsp;<\/p>\n\n\n\n<p>pour effacer de la terre leur m\u00e9moire.<\/p>\n\n\n\n<p>Le Seigneur entend ceux qui l&rsquo;appellent :&nbsp;<\/p>\n\n\n\n<p>de toutes leurs angoisses, il les d\u00e9livre.<\/p>\n\n\n\n<p>Il est proche du coeur bris\u00e9,&nbsp;<\/p>\n\n\n\n<p>il sauve l&rsquo;esprit abattu.<\/p>\n\n\n\n<p>Malheur sur malheur pour le juste,&nbsp;<\/p>\n\n\n\n<p>mais le Seigneur chaque fois le d\u00e9livre.<\/p>\n\n\n\n<p>Il veille sur chacun de ses os :&nbsp;<\/p>\n\n\n\n<p>pas un ne sera bris\u00e9.<\/p>\n\n\n\n<p>Le mal tuera les m\u00e9chants ;&nbsp;<\/p>\n\n\n\n<p>ils seront ch\u00e2ti\u00e9s d&rsquo;avoir ha\u00ef le juste.<\/p>\n\n\n\n<p>Le Seigneur rach\u00e8tera ses serviteurs :&nbsp;<\/p>\n\n\n\n<p>pas de ch\u00e2timent pour qui trouve en lui <br>\nson refuge.<\/p>\n\n\n\n<figure class=\"wp-block-image\"><img decoding=\"async\" src=\"https:\/\/www.notredamedelaconfiance.fr\/wp-content\/uploads\/2020\/04\/12-ap\u00f4tres-trait.jpg\" alt=\"\" class=\"wp-image-596\"\/><\/figure>\n","protected":false},"excerpt":{"rendered":"<p>Bonjour \u00e0 tous. Que Dieu vous b\u00e9nisse est vous garde dans sa Paix ! Aujourd\u2019hui 22 avril 2020, mercredi de la 2\u00e8me semaine de P\u00e2ques Prions Chaque ann\u00e9e, Seigneur, tu nous fais revivre le myst\u00e8re pascal o\u00f9 l\u2019homme, r\u00e9tabli dans sa dignit\u00e9, trouve l\u2019esp\u00e9rance de la r\u00e9surrection. Donne-nous de toujours d\u2019accueillir avec amour ce que [&hellip;]<\/p>\n","protected":false},"author":4,"featured_media":0,"comment_status":"closed","ping_status":"open","sticky":false,"template":"","format":"standard","meta":{"footnotes":""},"categories":[1],"tags":[],"class_list":["post-598","post","type-post","status-publish","format-standard","hentry","category-info"],"_links":{"self":[{"href":"https:\/\/www.notredamedelaconfiance.fr\/index.php\/wp-json\/wp\/v2\/posts\/598","targetHints":{"allow":["GET"]}}],"collection":[{"href":"https:\/\/www.notredamedelaconfiance.fr\/index.php\/wp-json\/wp\/v2\/posts"}],"about":[{"href":"https:\/\/www.notredamedelaconfiance.fr\/index.php\/wp-json\/wp\/v2\/types\/post"}],"author":[{"embeddable":true,"href":"https:\/\/www.notredamedelaconfiance.fr\/index.php\/wp-json\/wp\/v2\/users\/4"}],"replies":[{"embeddable":true,"href":"https:\/\/www.notredamedelaconfiance.fr\/index.php\/wp-json\/wp\/v2\/comments?post=598"}],"version-history":[{"count":1,"href":"https:\/\/www.notredamedelaconfiance.fr\/index.php\/wp-json\/wp\/v2\/posts\/598\/revisions"}],"predecessor-version":[{"id":599,"href":"https:\/\/www.notredamedelaconfiance.fr\/index.php\/wp-json\/wp\/v2\/posts\/598\/revisions\/599"}],"wp:attachment":[{"href":"https:\/\/www.notredamedelaconfiance.fr\/index.php\/wp-json\/wp\/v2\/media?parent=598"}],"wp:term":[{"taxonomy":"category","embeddable":true,"href":"https:\/\/www.notredamedelaconfiance.fr\/index.php\/wp-json\/wp\/v2\/categories?post=598"},{"taxonomy":"post_tag","embeddable":true,"href":"https:\/\/www.notredamedelaconfiance.fr\/index.php\/wp-json\/wp\/v2\/tags?post=598"}],"curies":[{"name":"wp","href":"https:\/\/api.w.org\/{rel}","templated":true}]}}