{"id":652,"date":"2020-05-04T08:05:24","date_gmt":"2020-05-04T06:05:24","guid":{"rendered":"https:\/\/www.notredamedelaconfiance.fr\/?p=652"},"modified":"2020-05-04T08:05:24","modified_gmt":"2020-05-04T06:05:24","slug":"des-croyants-vigoureux-dans-la-foi-et-la-fraternite-en-temps-de-confinement-47","status":"publish","type":"post","link":"https:\/\/www.notredamedelaconfiance.fr\/index.php\/2020\/05\/04\/des-croyants-vigoureux-dans-la-foi-et-la-fraternite-en-temps-de-confinement-47\/","title":{"rendered":"des croyants vigoureux dans la foi et la fraternit\u00e9 en temps de confinement 47"},"content":{"rendered":"\n<p>Bonjour \u00e0 tous.<\/p>\n\n\n\n<p><strong>Aujourd\u2019hui 5 mai 2020, lundi de la 4\u00e8me semaine de P\u00e2ques<\/strong><\/p>\n\n\n\n<figure class=\"wp-block-image\"><img decoding=\"async\" src=\"https:\/\/www.notredamedelaconfiance.fr\/wp-content\/uploads\/2020\/05\/madeleine_delbr\u00eal_portrait-770x1024.jpg\" alt=\"\" class=\"wp-image-650\"\/><figcaption>MADELEINE DELBREL, ECRIVAIN &#8211; TRES ENGAGEE DANS LES RAPPORTS ENTRE L&rsquo;EGLISE ET LA CLASSE OUVRIERE NEE: 1904 (MUSSIDAN EN DORDOGNE) &#8211; CONVERSION: 1924 &#8211; ARRIVEE A IVRY: 1933 &#8211; DECEDEE: 1964.<\/figcaption><\/figure>\n\n\n\n<p><strong>Prions<\/strong><\/p>\n\n\n\n<p>Dieu qui as relev\u00e9 le mode par les abaissement de ton Fils,<\/p>\n\n\n\n<p>\tdonne \u00e0 tes fid\u00e8les une joie sainte&nbsp;:&nbsp;<\/p>\n\n\n\n<p>Tu les as tir\u00e9es de l\u2019esclavage du p\u00e9ch\u00e9,<\/p>\n\n\n\n<p>\tfais-leur conna\u00eetre le bonheur imp\u00e9rissable.<\/p>\n\n\n\n<p>Par J\u00e9sus-Christ \u2026<\/p>\n\n\n\n<p><strong>Dans la Parole de Dieu aujourd\u2019hu<\/strong>i (Actes des Ap\u00f4tres 11, 15-17)&nbsp;:&nbsp;<\/p>\n\n\n\n<p>Au moment o\u00f9 je prenais la parole, l\u2019Esprit Saint descendit sur ceux qui \u00e9taient l\u00e0, comme il \u00e9tait descendu sur nous au commencement.<\/p>\n\n\n\n<p>Alors je me suis rappel\u00e9 la parole que le Seigneur avait dite&nbsp;: \u201cJean a baptis\u00e9 avec l\u2019eau, mais vous, c\u2019est dans l\u2019Esprit Saint que vous serez baptis\u00e9s.\u201d<\/p>\n\n\n\n<p>Et si Dieu leur a fait le m\u00eame don qu\u2019\u00e0 nous, parce qu\u2019ils ont cru au Seigneur J\u00e9sus Christ, qui \u00e9tais-je, moi, pour emp\u00eacher l\u2019action de Dieu&nbsp;?&nbsp;\u00bb<\/p>\n\n\n\n<p><strong>Et dans l\u2019Evangile <\/strong>(Jean 10, 14-16)&nbsp;:&nbsp;<\/p>\n\n\n\n<p>Moi, je suis le bon pasteur&nbsp;; je connais mes brebis, et mes brebis me connaissent,<\/p>\n\n\n\n<p>comme le P\u00e8re me conna\u00eet, et que je connais le P\u00e8re&nbsp;; et je donne ma vie pour mes brebis.<\/p>\n\n\n\n<p>J\u2019ai encore d\u2019autres brebis, qui ne sont pas de cet enclos&nbsp;: celles-l\u00e0 aussi, il faut que je les conduise. Elles \u00e9couteront ma voix&nbsp;: il y aura un seul troupeau et un seul pasteur.<\/p>\n\n\n\n<p><em>Le Seigneur J\u00e9sus a pass\u00e9 la, mort et est ressuscit\u00e9 pour \u00eatre la Bonne Nouvelle pour tous.<\/em><\/p>\n\n\n\n<p><em>Les ap\u00f4tres et les disciples qui font l\u2019exp\u00e9rience de sa pr\u00e9sence avec eux apr\u00e8s sa r\u00e9surrection sontrtfnt\u00e9s de le garder pour eux, comm leur tr\u00e9sor.<\/em><\/p>\n\n\n\n<p><em>Mais ils ont la charge de r\u00e9pandre la Bonne Nouvelle et souvent l4Esprit Saint les pr\u00e9c\u00e8de et les pousse \u00e0 donner l\u2019Evangile \u00e0 d\u2019autres, plus loin que leur propre horizon.<\/em><\/p>\n\n\n\n<p><em>Notre horizon imm\u00e9diat est bien proche puisqu\u2019il se limite \u00e0 la porte de notre appartement.<\/em><\/p>\n\n\n\n<p><em>Mais cela est temporaire et nous recevons du Seigneur la mission d\u2019offrir \u00e0 d\u2019autres l\u2019exp\u00e9rience de la proximit\u00e9 salutaire de J\u00e9sus la sauveur de tous.<\/em><\/p>\n\n\n\n<p><strong>Intention de pri\u00e8re pour aujourd\u2019hui&nbsp;:&nbsp;<\/strong><\/p>\n\n\n\n<ul class=\"wp-block-list\"><li>Prions pour nos voisins imm\u00e9diats, les habitants de notre pallier, de notre immeuble, tous un par un&nbsp;:&nbsp; ceux qui connaissent j\u00e9sus et ceux qui ne le connaissent pas encore pour qu\u2019un jour un disciple de l\u2019Evangile leur fasse d\u00e9couvrir leur salut et leur joie en Dieu.<\/li><\/ul>\n\n\n\n<p><strong>Intention d\u2019action pour aujourd\u2019hui&nbsp;:&nbsp;<\/strong><\/p>\n\n\n\n<ul class=\"wp-block-list\"><li>On peut regarder sur internet le t\u00e9moignage de madeleine Delbr\u00eal, oui relire \u00ab&nbsp;Nus autres, gens des rues&nbsp;\u00bb qu\u2019elle a \u00e9crit.<\/li><\/ul>\n\n\n\n<p><strong>Psaume 41 (42)<\/strong><\/p>\n\n\n\n<p>Comme un cerf alt\u00e9r\u00e9 cherche l&rsquo;eau vive, *&nbsp;<\/p>\n\n\n\n<p>\tainsi mon \u00e2me te cherche toi, mon Dieu.<\/p>\n\n\n\n<p>Mon \u00e2me a soif de Dieu, le Dieu vivant ; *&nbsp;<\/p>\n\n\n\n<p>quand pourrai-je m&rsquo;avancer, para\u00eetre face \u00e0 Dieu ?<\/p>\n\n\n\n<p>Je n&rsquo;ai d&rsquo;autre pain que mes larmes, le jour, la nuit, *&nbsp;<\/p>\n\n\n\n<p>moi qui chaque jour entends dire :&nbsp;<\/p>\n\n\n\n<p>\t\u00ab O\u00f9 est-il ton Dieu ? \u00bb<\/p>\n\n\n\n<p>Je me souviens, et mon \u00e2me d\u00e9borde : *&nbsp;<\/p>\n\n\n\n<p>en ce temps-l\u00e0, je franchissais les portails !&nbsp;<\/p>\n\n\n\n<p>Je conduisais vers la maison de mon Dieu la multitude en f\u00eate, *&nbsp;<\/p>\n\n\n\n<p>parmi les cris de joie et les actions de gr\u00e2ce.<\/p>\n\n\n\n<p>Pourquoi te d\u00e9soler, \u00f4 mon \u00e2me, et g\u00e9mir sur moi ? *&nbsp;<\/p>\n\n\n\n<p>Esp\u00e8re en Dieu ! De nouveau je rendrai gr\u00e2ce :&nbsp;<\/p>\n\n\n\n<p>il est mon sauveur et mon Dieu !<\/p>\n\n\n\n<p>Si mon \u00e2me se d\u00e9sole, je me souviens de toi, *&nbsp;<\/p>\n\n\n\n<p>depuis les terres du Jourdain et de l&rsquo;Hermon,&nbsp;<\/p>\n\n\n\n<p>\tdepuis mon humble montagne.<\/p>\n\n\n\n<p>L&rsquo;ab\u00eeme appelant l&rsquo;ab\u00eeme \u00e0 la voix de tes cataractes, *&nbsp;<\/p>\n\n\n\n<p>la masse de tes flots et de tes vagues a pass\u00e9 sur moi.<\/p>\n\n\n\n<p>Au long du jour, le Seigneur m&rsquo;envoie son amour ; *&nbsp;<\/p>\n\n\n\n<p>\tet la nuit, son chant est avec moi,&nbsp;<\/p>\n\n\n\n<p>pri\u00e8re au Dieu de ma vie.<\/p>\n\n\n\n<p>Je dirai \u00e0 Dieu, mon rocher :&nbsp;<\/p>\n\n\n\n<p>\t\u00ab Pourquoi m&rsquo;oublies-tu ? *&nbsp;<\/p>\n\n\n\n<p>Pourquoi vais-je assombri, press\u00e9 par l&rsquo;ennemi ? \u00bb<\/p>\n\n\n\n<p>Outrag\u00e9 par mes adversaires,&nbsp;<\/p>\n\n\n\n<p>\tje suis meurtri jusqu&rsquo;aux os, *&nbsp;<\/p>\n\n\n\n<p>moi qui chaque jour entends dire :&nbsp;<\/p>\n\n\n\n<p>\t\u00ab O\u00f9 est-il ton Dieu ? \u00bb<\/p>\n\n\n\n<p>Pourquoi te d\u00e9soler, \u00f4 mon \u00e2me, et g\u00e9mir sur moi ? *&nbsp;<\/p>\n\n\n\n<p>Esp\u00e8re en Dieu ! De nouveau je rendrai gr\u00e2ce :&nbsp;<\/p>\n\n\n\n<p>il est mon sauveur et mon Dieu !<\/p>\n\n\n\n<figure class=\"wp-block-image\"><img decoding=\"async\" src=\"https:\/\/www.notredamedelaconfiance.fr\/wp-content\/uploads\/2020\/05\/Pierre-p\u00eacheur.jpg\" alt=\"\" class=\"wp-image-651\"\/><\/figure>\n","protected":false},"excerpt":{"rendered":"<p>Bonjour \u00e0 tous. Aujourd\u2019hui 5 mai 2020, lundi de la 4\u00e8me semaine de P\u00e2ques Prions Dieu qui as relev\u00e9 le mode par les abaissement de ton Fils, donne \u00e0 tes fid\u00e8les une joie sainte&nbsp;:&nbsp; Tu les as tir\u00e9es de l\u2019esclavage du p\u00e9ch\u00e9, fais-leur conna\u00eetre le bonheur imp\u00e9rissable. Par J\u00e9sus-Christ \u2026 Dans la Parole de Dieu [&hellip;]<\/p>\n","protected":false},"author":4,"featured_media":0,"comment_status":"closed","ping_status":"open","sticky":false,"template":"","format":"standard","meta":{"footnotes":""},"categories":[1],"tags":[],"class_list":["post-652","post","type-post","status-publish","format-standard","hentry","category-info"],"_links":{"self":[{"href":"https:\/\/www.notredamedelaconfiance.fr\/index.php\/wp-json\/wp\/v2\/posts\/652","targetHints":{"allow":["GET"]}}],"collection":[{"href":"https:\/\/www.notredamedelaconfiance.fr\/index.php\/wp-json\/wp\/v2\/posts"}],"about":[{"href":"https:\/\/www.notredamedelaconfiance.fr\/index.php\/wp-json\/wp\/v2\/types\/post"}],"author":[{"embeddable":true,"href":"https:\/\/www.notredamedelaconfiance.fr\/index.php\/wp-json\/wp\/v2\/users\/4"}],"replies":[{"embeddable":true,"href":"https:\/\/www.notredamedelaconfiance.fr\/index.php\/wp-json\/wp\/v2\/comments?post=652"}],"version-history":[{"count":1,"href":"https:\/\/www.notredamedelaconfiance.fr\/index.php\/wp-json\/wp\/v2\/posts\/652\/revisions"}],"predecessor-version":[{"id":653,"href":"https:\/\/www.notredamedelaconfiance.fr\/index.php\/wp-json\/wp\/v2\/posts\/652\/revisions\/653"}],"wp:attachment":[{"href":"https:\/\/www.notredamedelaconfiance.fr\/index.php\/wp-json\/wp\/v2\/media?parent=652"}],"wp:term":[{"taxonomy":"category","embeddable":true,"href":"https:\/\/www.notredamedelaconfiance.fr\/index.php\/wp-json\/wp\/v2\/categories?post=652"},{"taxonomy":"post_tag","embeddable":true,"href":"https:\/\/www.notredamedelaconfiance.fr\/index.php\/wp-json\/wp\/v2\/tags?post=652"}],"curies":[{"name":"wp","href":"https:\/\/api.w.org\/{rel}","templated":true}]}}