{"id":668,"date":"2020-05-08T08:33:35","date_gmt":"2020-05-08T06:33:35","guid":{"rendered":"https:\/\/www.notredamedelaconfiance.fr\/?p=668"},"modified":"2020-05-08T08:33:36","modified_gmt":"2020-05-08T06:33:36","slug":"des-croyants-vigoureux-dans-la-foi-et-la-fraternite-en-temps-de-confinement-51","status":"publish","type":"post","link":"https:\/\/www.notredamedelaconfiance.fr\/index.php\/2020\/05\/08\/des-croyants-vigoureux-dans-la-foi-et-la-fraternite-en-temps-de-confinement-51\/","title":{"rendered":"des croyants vigoureux dans la foi et la fraternit\u00e9 en temps de confinement 51"},"content":{"rendered":"\n<p>Bonjour \u00e0 tous.<\/p>\n\n\n\n<p><strong>Aujourd\u2019hui 8 mai 2020, vendredi de la 4\u00e8me semaine de P\u00e2ques<\/strong><\/p>\n\n\n\n<p><strong>et F\u00eate de la Victoire de 1945 sur le nazisme<\/strong><\/p>\n\n\n\n<figure class=\"wp-block-image\"><img decoding=\"async\" src=\"https:\/\/www.notredamedelaconfiance.fr\/wp-content\/uploads\/2020\/05\/qui-me-suit-aura-lumi\u00e8re-816x1024.jpg\" alt=\"\" class=\"wp-image-667\"\/><\/figure>\n\n\n\n<p><strong>Prions<\/strong><\/p>\n\n\n\n<p>Dieu \u00e0 qui nous devons le salut et la libert\u00e9,<\/p>\n\n\n\n<p>\t\u00e9coute le cri de notre pri\u00e8re&nbsp;:&nbsp;<\/p>\n\n\n\n<p>Puisque tu nous as rachet\u00e9s par le sang de ton Fils,<\/p>\n\n\n\n<p>\tfais que nous puissions vivre en toi<\/p>\n\n\n\n<p>\t\tet trouver en toit le bonheur \u00e9ternel.<\/p>\n\n\n\n<p>par J\u00e9sus-Christ \u2026<\/p>\n\n\n\n<p><strong>Dans la Parole de Dieu aujourd\u2019hui<\/strong> (Actes des Ap\u00f4tres 13, 32-33)&nbsp;:&nbsp;&nbsp;<\/p>\n\n\n\n<p>Et nous, nous vous annon\u00e7ons cette Bonne Nouvelle&nbsp;: la promesse faite \u00e0 nos p\u00e8res,<\/p>\n\n\n\n<p>Dieu l\u2019a pleinement accomplie pour nous, leurs enfants, en ressuscitant J\u00e9sus, <br>\ncomme il est \u00e9crit au psaume deux&nbsp;:&nbsp;<\/p>\n\n\n\n<p>Tu es mon fils&nbsp;; moi, aujourd\u2019hui, je t\u2019ai engendr\u00e9.<\/p>\n\n\n\n<p><strong>Et dans l\u2019Evangile <\/strong>(Jean 14, 1)&nbsp;:&nbsp;<\/p>\n\n\n\n<p>Que votre c\u0153ur ne soit pas boulevers\u00e9&nbsp;: <br>\nvous croyez en Dieu, croyez aussi en moi.<\/p>\n\n\n\n<p><em>Ce n\u2019est nullement pr\u00e9tention ill\u00e9gitime ni orgueil de la part de J\u00e9sus d\u2019appeler ses disciples \u00e0 croire en Lui comme ils croient en Dieu.<\/em><\/p>\n\n\n\n<p><em>Il ne cherche pas la gloire pour lui-m\u00eame mais que toute gloire soit rendue \u00e0 son P\u00e8re.<\/em><\/p>\n\n\n\n<p><em>Ce qu\u2019il cherche de tout son coeur \u00e9galement, c\u2019est que nous connaissions v\u00e9ritablement le c\u0153ur du P\u00e8re et sa mis\u00e9ricorde.<\/em><\/p>\n\n\n\n<p><em>Pour acc\u00e9der \u00e0 cette intimit\u00e9 de Dieu, il n\u2019y a qu\u2019un chemin, Lui, J\u00e9sus, qui est aussi v\u00e9rit\u00e9 et vie.<\/em><\/p>\n\n\n\n<p><em>Mais comme J\u00e9sus ne r\u00e9clame rie pour lui-m\u00eame, et qu\u2019il s\u2019humilie jusqu\u2019\u00e0 \u00eatre un chemin sous nos pieds, nous pouvons savoir qu\u2019il se fait chemin discret et anonyme sous le spas des croyants de toutes confessions qui consacrent leur \u00e9nergie et sur amour \u00e0 servir Dieu tel qu\u2019ils le connaissent.<\/em><\/p>\n\n\n\n<p><em>C\u2019est l\u00e0 notre joie de chr\u00e9tiens&nbsp;:&nbsp; nous connaissons le Nom b\u00e9ni et la personne de J\u00e9sus en qui nous croyons et nous savons que ce m\u00eame J\u00e9sus ouvre la voie \u00e0 tous les humains pour rencontrer le P\u00e8re \u00e9ternel.<\/em><\/p>\n\n\n\n<p><strong>Intention de pri\u00e8re pour aujourd\u2019hui&nbsp;:&nbsp;<\/strong><\/p>\n\n\n\n<ul class=\"wp-block-list\"><li>Prions pour nos cousins musulmans qui vivent leur mois de je\u00fbne et de charit\u00e9 avec assiduit\u00e9 et grande d\u00e9votion.<\/li><\/ul>\n\n\n\n<p><strong>Intention d\u2019action pour aujourd\u2019hui&nbsp;:&nbsp;<\/strong><\/p>\n\n\n\n<ul class=\"wp-block-list\"><li>Bonne occasion pour s\u2019informer plus en d\u00e9tail de ce qui est c\u00e9l\u00e9br\u00e9 le 8 mai<\/li><\/ul>\n\n\n\n<p><strong>Psaume 125<\/strong><\/p>\n\n\n\n<p>Quand le Seigneur ramena les captifs \u00e0 Sion,*&nbsp;<\/p>\n\n\n\n<p>\tnous \u00e9tions comme en r\u00eave !<\/p>\n\n\n\n<p>Alors notre bouche \u00e9tait pleine de rires,&nbsp;<\/p>\n\n\n\n<p>\tnous poussions des cris de joie ; +&nbsp;<\/p>\n\n\n\n<p>alors on disait parmi les nations :&nbsp;<\/p>\n\n\n\n<p>\u00ab Quelles merveilles fait pour eux le Seigneur ! \u00bb *<\/p>\n\n\n\n<p>Quelles merveilles le Seigneur fit pour nous :&nbsp;<\/p>\n\n\n\n<p>\tnous \u00e9tions en grande f\u00eate !<\/p>\n\n\n\n<p>Ram\u00e8ne, Seigneur, nos captifs,&nbsp;<\/p>\n\n\n\n<p>\tcomme les torrents au d\u00e9sert.<\/p>\n\n\n\n<p>Qui s\u00e8me dans les larmes&nbsp;<\/p>\n\n\n\n<p>\tmoissonne dans la joie : +<\/p>\n\n\n\n<p>il s&rsquo;en va, il s&rsquo;en va en pleurant,&nbsp;<\/p>\n\n\n\n<p>il jette la semence ; *&nbsp;<\/p>\n\n\n\n<p>il s&rsquo;en vient, il s&rsquo;en vient dans la joie,&nbsp;<\/p>\n\n\n\n<p>il rapporte les gerbes.<\/p>\n\n\n\n<div class=\"wp-block-image\"><figure class=\"aligncenter is-resized\"><img loading=\"lazy\" decoding=\"async\" src=\"https:\/\/www.notredamedelaconfiance.fr\/wp-content\/uploads\/2020\/05\/Chemin-V\u00e9rit\u00e9-Vie.png\" alt=\"\" class=\"wp-image-666\" width=\"253\" height=\"317\"\/><\/figure><\/div>\n","protected":false},"excerpt":{"rendered":"<p>Bonjour \u00e0 tous. Aujourd\u2019hui 8 mai 2020, vendredi de la 4\u00e8me semaine de P\u00e2ques et F\u00eate de la Victoire de 1945 sur le nazisme Prions Dieu \u00e0 qui nous devons le salut et la libert\u00e9, \u00e9coute le cri de notre pri\u00e8re&nbsp;:&nbsp; Puisque tu nous as rachet\u00e9s par le sang de ton Fils, fais que nous [&hellip;]<\/p>\n","protected":false},"author":4,"featured_media":0,"comment_status":"closed","ping_status":"open","sticky":false,"template":"","format":"standard","meta":{"footnotes":""},"categories":[1],"tags":[],"class_list":["post-668","post","type-post","status-publish","format-standard","hentry","category-info"],"_links":{"self":[{"href":"https:\/\/www.notredamedelaconfiance.fr\/index.php\/wp-json\/wp\/v2\/posts\/668","targetHints":{"allow":["GET"]}}],"collection":[{"href":"https:\/\/www.notredamedelaconfiance.fr\/index.php\/wp-json\/wp\/v2\/posts"}],"about":[{"href":"https:\/\/www.notredamedelaconfiance.fr\/index.php\/wp-json\/wp\/v2\/types\/post"}],"author":[{"embeddable":true,"href":"https:\/\/www.notredamedelaconfiance.fr\/index.php\/wp-json\/wp\/v2\/users\/4"}],"replies":[{"embeddable":true,"href":"https:\/\/www.notredamedelaconfiance.fr\/index.php\/wp-json\/wp\/v2\/comments?post=668"}],"version-history":[{"count":1,"href":"https:\/\/www.notredamedelaconfiance.fr\/index.php\/wp-json\/wp\/v2\/posts\/668\/revisions"}],"predecessor-version":[{"id":669,"href":"https:\/\/www.notredamedelaconfiance.fr\/index.php\/wp-json\/wp\/v2\/posts\/668\/revisions\/669"}],"wp:attachment":[{"href":"https:\/\/www.notredamedelaconfiance.fr\/index.php\/wp-json\/wp\/v2\/media?parent=668"}],"wp:term":[{"taxonomy":"category","embeddable":true,"href":"https:\/\/www.notredamedelaconfiance.fr\/index.php\/wp-json\/wp\/v2\/categories?post=668"},{"taxonomy":"post_tag","embeddable":true,"href":"https:\/\/www.notredamedelaconfiance.fr\/index.php\/wp-json\/wp\/v2\/tags?post=668"}],"curies":[{"name":"wp","href":"https:\/\/api.w.org\/{rel}","templated":true}]}}