{"id":673,"date":"2020-05-09T09:19:13","date_gmt":"2020-05-09T07:19:13","guid":{"rendered":"https:\/\/www.notredamedelaconfiance.fr\/?p=673"},"modified":"2020-05-09T09:19:13","modified_gmt":"2020-05-09T07:19:13","slug":"des-croyants-vigoureux-dans-la-foi-et-la-fraternite-en-temps-de-confinement-52","status":"publish","type":"post","link":"https:\/\/www.notredamedelaconfiance.fr\/index.php\/2020\/05\/09\/des-croyants-vigoureux-dans-la-foi-et-la-fraternite-en-temps-de-confinement-52\/","title":{"rendered":"des croyants vigoureux dans la foi et la fraternit\u00e9 en temps de confinement 52"},"content":{"rendered":"\n<p>Bonjour \u00e0 tous.<\/p>\n\n\n\n<p>Demain dimanche, vous pourrez vous connecter \u00e0 la Messe c\u00e9l\u00e9br\u00e9e dans la chapelle \u00e0 10h45 en cliquant sur le lien suivant&nbsp;:&nbsp;<\/p>\n\n\n\n<figure class=\"wp-block-embed\"><div class=\"wp-block-embed__wrapper\">\nhttps:\/\/us02web.zoom.us\/j\/87113931865?pwd=K3lRRGZKTlJRN2xiUmVGc1ZnS3VtZz09\n<\/div><\/figure>\n\n\n\n<p><strong>Aujourd\u2019hui 9 mai 2020, samedi de la 4<\/strong><strong><sup>\u00e8me<\/sup><\/strong><strong> semaine de P\u00e2ques<\/strong><\/p>\n\n\n\n<figure class=\"wp-block-image\"><img decoding=\"async\" src=\"https:\/\/www.notredamedelaconfiance.fr\/wp-content\/uploads\/2020\/05\/Predication_of_Saint_Paul-805x1024.jpg\" alt=\"\" class=\"wp-image-672\"\/><\/figure>\n\n\n\n<p><strong>Prions<\/strong><\/p>\n\n\n\n<p>P\u00e8re tr\u00e8s bon,<\/p>\n\n\n\n<p>Tu as fait une oeuvre admirable en nous envoyant ton Fils J\u00e9sus et en le ressuscitant des morts.<\/p>\n\n\n\n<p>\tNous sommes ainsi lib\u00e9r\u00e9s du mal et vivants en lui pour ta gloire.<\/p>\n\n\n\n<p>Mais cela n\u2019a pas suffi \u00e0 ton ambition&nbsp;:&nbsp;&nbsp;<\/p>\n\n\n\n<p>\ttu veux aussi que nous soyons capables d\u2019oeuvres plus grandes encore&nbsp;<\/p>\n\n\n\n<p>\t\tet tu nous confies de faire de ce monde le lieu de ta plus grande gloire.<\/p>\n\n\n\n<p>Partage-nous l\u2019Esprit Saint qui t\u2019unit au Seigneur J\u00e9sus&nbsp;<\/p>\n\n\n\n<p>\tpour que nous mettions sen oeuvre avec enthousiasme ta puissance d\u2019amour.<\/p>\n\n\n\n<p>Par J\u00e9sus, ton Fils \u2026<\/p>\n\n\n\n<p><strong>Dans laParole de Dieu aujourd\u2019hui <\/strong>(Actes des Ap\u00f4tres 13, 46)&nbsp;:&nbsp;&nbsp;<\/p>\n\n\n\n<p>Paul et Barnab\u00e9 leur d\u00e9clar\u00e8rent avec assurance&nbsp;:&nbsp;<\/p>\n\n\n\n<p>\t\u00ab&nbsp;C\u2019est \u00e0 vous d\u2019abord qu\u2019il \u00e9tait n\u00e9cessaire d\u2019adresser la parole de Dieu.&nbsp;<\/p>\n\n\n\n<p>Puisque vous la rejetez et que vous-m\u00eames ne vous jugez pas dignes de la vie \u00e9ternelle,&nbsp;<\/p>\n\n\n\n<p>\teh bien&nbsp;! nous nous tournons vers les nations pa\u00efennes.<\/p>\n\n\n\n<p><strong>Et dans l\u2019Evangile <\/strong>(Jean 14, 12-13)&nbsp;:&nbsp;<\/p>\n\n\n\n<p>Amen, amen, je vous le dis&nbsp;: celui qui croit en moi fera les \u0153uvres que je fais.&nbsp;<\/p>\n\n\n\n<p>Il en fera m\u00eame de plus grandes, parce que je pars vers le P\u00e8re,<\/p>\n\n\n\n<p>\tet tout ce que vous demanderez en mon nom, je le ferai,&nbsp;<\/p>\n\n\n\n<p>\t\tafin que le P\u00e8re soit glorifi\u00e9 dans le Fils.<\/p>\n\n\n\n<p><em>Bien souvent, votre foi consiste \u00e0 croire qu\u2019il y a un Dieu au dessus de nous. Et pas cons\u00e9quent, que nous sommes en dessous, bien inf\u00e9rieurs en dignit\u00e9, en capacit\u00e9s et en beaut\u00e9 que le Dieu tout-puissant.<\/em><\/p>\n\n\n\n<p><em>C\u2019est mal conna\u00eetre Dieu, et pour le conna\u00eetre mieux, il nous faut contempler J\u00e9sus&nbsp;:&nbsp; \u00ab&nbsp;Qui m\u2019a vu a vu le P\u00e8re&nbsp;\u00bb, dit-il \u00e0 Philippe. Et il ajoute que celui qui croit en Lui fera des oeuvres plus grandes que Lui-m\u00eame&nbsp;!&nbsp;<\/em><\/p>\n\n\n\n<p><em>Si Dieu est au-dessus de nous, il est Celui qui vient nous saisir et nous \u00e9lever \u00e0 sa propre hauteur et nous partager sa propre puissance et sa gloire.<\/em><\/p>\n\n\n\n<p><em>Par cons\u00e9quent. nous avons dans. nos ains la capacit\u00e9 de faire triompher l\u2019amour et la justice sur cette terre, moyenne que nous acceptions d\u2019\u00eatre habit\u00e9s par l\u2019Esoprit Saint que nous envoie J\u00e9sus, le Seigneur.<\/em><\/p>\n\n\n\n<p><strong>Intention de pri\u00e8re pour aujourd\u2019hui&nbsp;:&nbsp;<\/strong><\/p>\n\n\n\n<ul class=\"wp-block-list\"><li>Prions pour nos parents du juda\u00efsme qui vivent aujourd\u2019hui le shabbat, afin qu\u2019ils d\u00e9couvrent en J\u00e9sus le Messie Sauveur qu\u2019ils esp\u00e8rent depuis la pr\u00e9dication des proph\u00e8tes.<\/li><\/ul>\n\n\n\n<p><strong>Intention d\u2019action pour aujourd\u2019hui&nbsp;:&nbsp;<\/strong><\/p>\n\n\n\n<ul class=\"wp-block-list\"><li>Chacun va r\u00e9fl\u00e9chir au degr\u00e9 de d\u00e9confinement qu\u2019il va se permettre&nbsp;:&nbsp; trouver l\u2019\u00e9quilibre entre le retour \u00e0 la vie sociale et au travail et la pr\u00e9servation de la lutte contre la circulation du coronavirus<\/li><\/ul>\n\n\n\n<p><strong>Psaume 97 (98)<\/strong><\/p>\n\n\n\n<p>Chantez au Seigneur un chant nouveau,&nbsp;<\/p>\n\n\n\n<p>\tcar il a fait des merveilles ;&nbsp;<\/p>\n\n\n\n<p>par son bras tr\u00e8s saint, par sa main puissante,&nbsp;<\/p>\n\n\n\n<p>\til s&rsquo;est assur\u00e9 la victoire.<\/p>\n\n\n\n<p>Le Seigneur a fait conna\u00eetre sa victoire&nbsp;<\/p>\n\n\n\n<p>\tet r\u00e9v\u00e9l\u00e9 sa justice aux nations ;<\/p>\n\n\n\n<p>il s&rsquo;est rappel\u00e9 sa fid\u00e9lit\u00e9, son amour,&nbsp;<\/p>\n\n\n\n<p>\ten faveur de la maison d&rsquo;Isra\u00ebl ;&nbsp;<\/p>\n\n\n\n<p>la terre tout enti\u00e8re a vu la victoire de notre Dieu.<\/p>\n\n\n\n<p>Acclamez le Seigneur, terre enti\u00e8re,&nbsp;<\/p>\n\n\n\n<p>sonnez, chantez, jouez ;<\/p>\n\n\n\n<p>jouez pour le Seigneur sur la cithare,&nbsp;<\/p>\n\n\n\n<p>\tsur la cithare et tous les instruments ;<\/p>\n\n\n\n<p>au son de la trompette et du cor,&nbsp;<\/p>\n\n\n\n<p>\tacclamez votre roi, le Seigneur !<\/p>\n\n\n\n<p>Que r\u00e9sonnent la mer et sa richesse,&nbsp;<\/p>\n\n\n\n<p>le monde et tous ses habitants ;<\/p>\n\n\n\n<p>que les fleuves battent des mains,&nbsp;<\/p>\n\n\n\n<p>\tque les montagnes chantent leur joie,<\/p>\n\n\n\n<p>\u00e0 la face du Seigneur,&nbsp;<\/p>\n\n\n\n<p>\tcar il vient pour gouverner la terre, *&nbsp;<\/p>\n\n\n\n<p>pour gouverner le monde avec justice&nbsp;<\/p>\n\n\n\n<p>\tet les peuples avec droiture !<br><\/p>\n\n\n\n<figure class=\"wp-block-image\"><img decoding=\"async\" src=\"https:\/\/www.notredamedelaconfiance.fr\/wp-content\/uploads\/2020\/05\/Paul-pr\u00eache-trait.jpg\" alt=\"\" class=\"wp-image-671\"\/><\/figure>\n","protected":false},"excerpt":{"rendered":"<p>Bonjour \u00e0 tous. Demain dimanche, vous pourrez vous connecter \u00e0 la Messe c\u00e9l\u00e9br\u00e9e dans la chapelle \u00e0 10h45 en cliquant sur le lien suivant&nbsp;:&nbsp; Aujourd\u2019hui 9 mai 2020, samedi de la 4\u00e8me semaine de P\u00e2ques Prions P\u00e8re tr\u00e8s bon, Tu as fait une oeuvre admirable en nous envoyant ton Fils J\u00e9sus et en le ressuscitant [&hellip;]<\/p>\n","protected":false},"author":4,"featured_media":0,"comment_status":"closed","ping_status":"open","sticky":false,"template":"","format":"standard","meta":{"footnotes":""},"categories":[1],"tags":[],"class_list":["post-673","post","type-post","status-publish","format-standard","hentry","category-info"],"_links":{"self":[{"href":"https:\/\/www.notredamedelaconfiance.fr\/index.php\/wp-json\/wp\/v2\/posts\/673","targetHints":{"allow":["GET"]}}],"collection":[{"href":"https:\/\/www.notredamedelaconfiance.fr\/index.php\/wp-json\/wp\/v2\/posts"}],"about":[{"href":"https:\/\/www.notredamedelaconfiance.fr\/index.php\/wp-json\/wp\/v2\/types\/post"}],"author":[{"embeddable":true,"href":"https:\/\/www.notredamedelaconfiance.fr\/index.php\/wp-json\/wp\/v2\/users\/4"}],"replies":[{"embeddable":true,"href":"https:\/\/www.notredamedelaconfiance.fr\/index.php\/wp-json\/wp\/v2\/comments?post=673"}],"version-history":[{"count":1,"href":"https:\/\/www.notredamedelaconfiance.fr\/index.php\/wp-json\/wp\/v2\/posts\/673\/revisions"}],"predecessor-version":[{"id":674,"href":"https:\/\/www.notredamedelaconfiance.fr\/index.php\/wp-json\/wp\/v2\/posts\/673\/revisions\/674"}],"wp:attachment":[{"href":"https:\/\/www.notredamedelaconfiance.fr\/index.php\/wp-json\/wp\/v2\/media?parent=673"}],"wp:term":[{"taxonomy":"category","embeddable":true,"href":"https:\/\/www.notredamedelaconfiance.fr\/index.php\/wp-json\/wp\/v2\/categories?post=673"},{"taxonomy":"post_tag","embeddable":true,"href":"https:\/\/www.notredamedelaconfiance.fr\/index.php\/wp-json\/wp\/v2\/tags?post=673"}],"curies":[{"name":"wp","href":"https:\/\/api.w.org\/{rel}","templated":true}]}}