{"id":677,"date":"2020-05-10T08:58:48","date_gmt":"2020-05-10T06:58:48","guid":{"rendered":"https:\/\/www.notredamedelaconfiance.fr\/?p=677"},"modified":"2020-05-10T08:58:48","modified_gmt":"2020-05-10T06:58:48","slug":"des-croyants-vigoureux-dans-la-foi-et-la-fraternite-en-temps-de-confinement-53","status":"publish","type":"post","link":"https:\/\/www.notredamedelaconfiance.fr\/index.php\/2020\/05\/10\/des-croyants-vigoureux-dans-la-foi-et-la-fraternite-en-temps-de-confinement-53\/","title":{"rendered":"des croyants vigoureux dans la foi et la fraternit\u00e9 en temps de confinement 53"},"content":{"rendered":"\n<p>Bonjour \u00e0 tous et beau dimanche.<\/p>\n\n\n\n<p>Vous pouvez vous connecter \u00e0 la Messe c\u00e9l\u00e9br\u00e9e \u00e0 la chapelle \u00e0, 10h45 en cloquant sur le lien suivant&nbsp;:&nbsp;<\/p>\n\n\n\n<figure class=\"wp-block-embed\"><div class=\"wp-block-embed__wrapper\">\nhttps:\/\/us02web.zoom.us\/j\/87113931865?pwd=K3lRRGZKTlJRN2xiUmVGc1ZnS3VtZz09\n<\/div><\/figure>\n\n\n\n<p><strong>Aujourd\u2019hui 10 mai 2020, 5\u00e8me dimanche de P\u00e2ques, ann\u00e9e A<\/strong><\/p>\n\n\n\n<figure class=\"wp-block-image\"><img decoding=\"async\" src=\"https:\/\/www.notredamedelaconfiance.fr\/wp-content\/uploads\/2020\/05\/chemin-v\u00e9rit\u00e9-vie-vitrail.jpg\" alt=\"\" class=\"wp-image-675\"\/><\/figure>\n\n\n\n<p><strong>Prions<\/strong><\/p>\n\n\n\n<p>Dieu qui nous as envoy\u00e9 ton Fils pour nous sauver<\/p>\n\n\n\n<p>\tet faire de nous tes enfants d\u2019adoption,<\/p>\n\n\n\n<p>regarde avec bont\u00e9 ceux que tu aimes comme un p\u00e8re.<\/p>\n\n\n\n<p>Puisque nous croyons au Christ,<\/p>\n\n\n\n<p>\taccorde-nos la vraie libert\u00e9 et le vie \u00e9ternelle.<\/p>\n\n\n\n<p>par J\u00e9sus-Christ \u2026<\/p>\n\n\n\n<p><strong>Dans la Parole de Dieu aujourd\u2019hui<\/strong> (Actes des Ap\u00f4tres 6, 5-6)&nbsp;:&nbsp;<\/p>\n\n\n\n<p>Ces propos plurent \u00e0 tout le monde, et l\u2019on choisit&nbsp;:&nbsp;<\/p>\n\n\n\n<p>\u00c9tienne, homme rempli de foi et d\u2019Esprit Saint, Philippe, Procore, Nicanor, Timon, Parm\u00e9nas et Nicolas, un converti au juda\u00efsme, originaire d\u2019Antioche.<\/p>\n\n\n\n<p>On les pr\u00e9senta aux Ap\u00f4tres, et apr\u00e8s avoir pri\u00e9, ils leur impos\u00e8rent les mains.<\/p>\n\n\n\n<p><strong>Dans la deuxi\u00e8me lecture <\/strong>(1<sup>\u00e8re<\/sup> Lettre de Pierre 2, 9)&nbsp;:&nbsp;<\/p>\n\n\n\n<p>Mais vous, vous \u00eates une descendance choisie, un sacerdoce royal, une nation sainte, <br>\nun peuple destin\u00e9 au salut, pour que vous annonciez les merveilles&nbsp;<\/p>\n\n\n\n<p>\t\tde celui qui vous a appel\u00e9s des t\u00e9n\u00e8bres \u00e0 son admirable lumi\u00e8re.<\/p>\n\n\n\n<p><strong>Et dans l\u2019Evangile<\/strong> (Jean 14, 12)&nbsp;:&nbsp;<\/p>\n\n\n\n<p>Amen, amen, je vous le dis&nbsp;: celui qui croit en moi fera les \u0153uvres que je fais.&nbsp;<\/p>\n\n\n\n<p>Il en fera m\u00eame de plus grandes, parce que je pars vers le P\u00e8re,<\/p>\n\n\n\n<p><em>Voici un peuple nouveau, organis\u00e9 avec ses nouveaux diacres, ordonn\u00e9s pour le service des pauvres, muni de titres de gloire et de fonctions sacr\u00e9es, notamment, le sacerdoce commun des baptis\u00e9s.<\/em><\/p>\n\n\n\n<p><em>Ce peuple, c\u2019est l\u2019\u00e9glise du Christ que nous sommes par appel.<\/em><\/p>\n\n\n\n<p><em>Aucun vaine gloire \u00e0 en tirer pour notre profit&nbsp;:&nbsp; nous sommes envoy\u00e9s pour proclamer les merveilles de Dieu qui nous a tir\u00e9s des t\u00e9n\u00e8bres&nbsp; pour nous partage son admirable lumi\u00e8re.<\/em><\/p>\n\n\n\n<p><em>Ce peuple, Corps du Christ doit \u00eatre comme son Seigneur J\u00e9sus&nbsp;:&nbsp; il doit monter le P\u00e8re et r\u00e9aliser ses oeuvres \u00ab&nbsp;pour la gloire de Dieu et le salut du monde&nbsp;\u00bb, comme nous r\u00e9pondons \u00e0 chaque Messe.<\/em><\/p>\n\n\n\n<p><strong>Intention de pri\u00e8re pour aujourd\u2019hui&nbsp;:&nbsp;<\/strong><\/p>\n\n\n\n<ul class=\"wp-block-list\"><li>Prions pour le peuple des baptis\u00e9s et ceux qui le servent, le Pape, les \u00e9v\u00eaques, les pr\u00eatres et les diacres.<\/li><li>Prions aussi pur les enseignants, les ATSEM, les maires, les employ\u00e9s communaux, et tous ceux qui pr\u00e9parent les \u00e9coles pour accueillir les \u00e9l\u00e8ves dans les meilleurs conditions sanitaires.<\/li><\/ul>\n\n\n\n<p><strong>Intention d\u2019action pour aujourd\u2019hui&nbsp;:&nbsp;<\/strong><\/p>\n\n\n\n<ul class=\"wp-block-list\"><li>On peut r\u00e9p\u00e9ter les gestes barri\u00e8res avec les enfants \u00e0 la, maison afin qu\u2019ils les aient bien int\u00e9gr\u00e9s avant de retrouver en classe.<\/li><\/ul>\n\n\n\n<p><strong>Psaume 121 (122)<\/strong><\/p>\n\n\n\n<p>Quelle joie quand on m&rsquo;a dit :&nbsp;<\/p>\n\n\n\n<p>\u00ab Nous irons \u00e0 la maison du Seigneur ! \u00bb<\/p>\n\n\n\n<p>Maintenant notre marche prend fin&nbsp;<\/p>\n\n\n\n<p>\tdevant tes portes, J\u00e9rusalem !<\/p>\n\n\n\n<p>J\u00e9rusalem, te voici dans tes murs :&nbsp;<\/p>\n\n\n\n<p>\tville o\u00f9 tout ensemble ne fait qu\u2019un&nbsp;!<\/p>\n\n\n\n<p>C&rsquo;est l\u00e0 que montent les tribus,&nbsp;<\/p>\n\n\n\n<p>\tles tribus du Seigneur, *&nbsp;<\/p>\n\n\n\n<p>l\u00e0 qu&rsquo;Isra\u00ebl doit rendre gr\u00e2ce <br>\nau nom du Seigneur.<\/p>\n\n\n\n<p>C&rsquo;est l\u00e0 le si\u00e8ge du droit, *&nbsp;<\/p>\n\n\n\n<p>\tle si\u00e8ge de la maison de David.<\/p>\n\n\n\n<p>Appelez le bonheur sur J\u00e9rusalem :&nbsp;<\/p>\n\n\n\n<p>\u00ab Paix \u00e0 ceux qui t&rsquo;aiment !<\/p>\n\n\n\n<p>Que la paix r\u00e8gne dans tes murs,&nbsp;<\/p>\n\n\n\n<p>\tle bonheur dans tes palais ! \u00bb<\/p>\n\n\n\n<p>A cause de mes fr\u00e8res et de mes proches,&nbsp;<\/p>\n\n\n\n<p>\tje dirai : \u00ab Paix sur toi ! \u00bb<\/p>\n\n\n\n<p>A cause de la maison du Seigneur notre Dieu,&nbsp;<\/p>\n\n\n\n<p>\tje d\u00e9sire ton bien.<\/p>\n\n\n\n<figure class=\"wp-block-image\"><img decoding=\"async\" src=\"https:\/\/www.notredamedelaconfiance.fr\/wp-content\/uploads\/2020\/05\/diacre-serviteur-comme-J\u00e9sus-980x1024.png\" alt=\"\" class=\"wp-image-676\"\/><\/figure>\n","protected":false},"excerpt":{"rendered":"<p>Bonjour \u00e0 tous et beau dimanche. Vous pouvez vous connecter \u00e0 la Messe c\u00e9l\u00e9br\u00e9e \u00e0 la chapelle \u00e0, 10h45 en cloquant sur le lien suivant&nbsp;:&nbsp; Aujourd\u2019hui 10 mai 2020, 5\u00e8me dimanche de P\u00e2ques, ann\u00e9e A Prions Dieu qui nous as envoy\u00e9 ton Fils pour nous sauver et faire de nous tes enfants d\u2019adoption, regarde avec [&hellip;]<\/p>\n","protected":false},"author":4,"featured_media":0,"comment_status":"closed","ping_status":"open","sticky":false,"template":"","format":"standard","meta":{"footnotes":""},"categories":[1],"tags":[],"class_list":["post-677","post","type-post","status-publish","format-standard","hentry","category-info"],"_links":{"self":[{"href":"https:\/\/www.notredamedelaconfiance.fr\/index.php\/wp-json\/wp\/v2\/posts\/677","targetHints":{"allow":["GET"]}}],"collection":[{"href":"https:\/\/www.notredamedelaconfiance.fr\/index.php\/wp-json\/wp\/v2\/posts"}],"about":[{"href":"https:\/\/www.notredamedelaconfiance.fr\/index.php\/wp-json\/wp\/v2\/types\/post"}],"author":[{"embeddable":true,"href":"https:\/\/www.notredamedelaconfiance.fr\/index.php\/wp-json\/wp\/v2\/users\/4"}],"replies":[{"embeddable":true,"href":"https:\/\/www.notredamedelaconfiance.fr\/index.php\/wp-json\/wp\/v2\/comments?post=677"}],"version-history":[{"count":1,"href":"https:\/\/www.notredamedelaconfiance.fr\/index.php\/wp-json\/wp\/v2\/posts\/677\/revisions"}],"predecessor-version":[{"id":678,"href":"https:\/\/www.notredamedelaconfiance.fr\/index.php\/wp-json\/wp\/v2\/posts\/677\/revisions\/678"}],"wp:attachment":[{"href":"https:\/\/www.notredamedelaconfiance.fr\/index.php\/wp-json\/wp\/v2\/media?parent=677"}],"wp:term":[{"taxonomy":"category","embeddable":true,"href":"https:\/\/www.notredamedelaconfiance.fr\/index.php\/wp-json\/wp\/v2\/categories?post=677"},{"taxonomy":"post_tag","embeddable":true,"href":"https:\/\/www.notredamedelaconfiance.fr\/index.php\/wp-json\/wp\/v2\/tags?post=677"}],"curies":[{"name":"wp","href":"https:\/\/api.w.org\/{rel}","templated":true}]}}