{"id":685,"date":"2020-05-12T09:23:06","date_gmt":"2020-05-12T07:23:06","guid":{"rendered":"https:\/\/www.notredamedelaconfiance.fr\/?p=685"},"modified":"2020-05-12T09:23:06","modified_gmt":"2020-05-12T07:23:06","slug":"des-croyants-vigoureux-dans-la-foi-et-la-fraternite-en-temps-de-pandemie-55","status":"publish","type":"post","link":"https:\/\/www.notredamedelaconfiance.fr\/index.php\/2020\/05\/12\/des-croyants-vigoureux-dans-la-foi-et-la-fraternite-en-temps-de-pandemie-55\/","title":{"rendered":"des croyants vigoureux dans la foi et la fraternit\u00e9 en temps de pand\u00e9mie 55"},"content":{"rendered":"\n<p>Bonjour \u00e0 tous.<\/p>\n\n\n\n<p>Pour me permettre de souffler un peu, je vais interrompre l\u2019envoi de ce mail quotidien jusqu\u2019\u00e0 dimanche prochain 17 mai.<\/p>\n\n\n\n<p>Je vous prie de bien vouloir m\u2019en excuser, esp\u00e9rant aussi que chacun de vous pourra b\u00e9n\u00e9ficier prochainement de quelque repos apr\u00e8s cette p\u00e9riode \u00e9prouvante du confinement.<\/p>\n\n\n\n<p>Restez prudents et combattifs contre le virus et attentifs \u00e0 vos proches en difficult\u00e9.<\/p>\n\n\n\n<p>Que Dieu vous b\u00e9nisse et vous garde dans sa Paix.<\/p>\n\n\n\n<p>A bient\u00f4t.<\/p>\n\n\n\n<p>Fraternellement.<\/p>\n\n\n\n<p><strong>Aujourd\u2019hui 12 mai 2020, mardi de la 5<\/strong><strong><sup>\u00e8me<\/sup><\/strong><strong> semaine de P\u00e2ques<\/strong><\/p>\n\n\n\n<figure class=\"wp-block-image\"><img decoding=\"async\" src=\"https:\/\/www.notredamedelaconfiance.fr\/wp-content\/uploads\/2020\/05\/qui-me-suit-aura-lumi\u00e8re-816x1024.jpg\" alt=\"\" class=\"wp-image-667\"\/><\/figure>\n\n\n\n<p><strong>Prions<\/strong><\/p>\n\n\n\n<p>Dieu qui nous recr\u00e9es pour lave \u00e9ternelle dans la r\u00e9surrection du Christ,<\/p>\n\n\n\n<p>\tfortifie la foi et l\u2019esp\u00e9rance de ton peuple&nbsp;:&nbsp;<\/p>\n\n\n\n<p>ne laisse pas le doute entamer notre confiance<\/p>\n\n\n\n<p>\ten la promesse que toit-m\u00eame nous pas faite.<\/p>\n\n\n\n<p>Par J\u00e9sus-Christ \u2026<\/p>\n\n\n\n<p><strong>Dans la Parole de Dieu aujourd\u2019hui<\/strong> (Actes des Ap\u00f4tres 14, 22)&nbsp;:&nbsp;<\/p>\n\n\n\n<p>(Paul et Barnab\u00e9) affermissaient le courage des disciples&nbsp;; <br>\nils les exhortaient \u00e0 pers\u00e9v\u00e9rer dans la foi, en disant&nbsp;:&nbsp;<\/p>\n\n\n\n<p>\u00ab&nbsp;Il nous faut passer par bien des \u00e9preuves pour entrer dans le royaume de Dieu.&nbsp;\u00bb<\/p>\n\n\n\n<p><strong>Et dans l\u2019Evangile <\/strong>( Jean 14, 27)&nbsp;:&nbsp;<\/p>\n\n\n\n<p>Je vous laisse la paix, je vous donne ma paix&nbsp;; <br>\nce n\u2019est pas \u00e0 la mani\u00e8re du monde que je vous la donne.&nbsp;<\/p>\n\n\n\n<p>Que votre c\u0153ur ne soit pas boulevers\u00e9 ni effray\u00e9.<\/p>\n\n\n\n<p><em>Dans un des textes d\u2019aujourd\u2019hui, les \u00e9preuves, dans l\u2019autre la Paix&nbsp;!&nbsp;&nbsp;<\/em><\/p>\n\n\n\n<p><em>Y a-t-il donc compatibilit\u00e9 entre \u00e9preuves et paix&nbsp;?&nbsp;<\/em><\/p>\n\n\n\n<p><em>Oui, tant que nous sommes dans ce monde.&nbsp;<\/em><\/p>\n\n\n\n<p><em>En effet, la Paix que J\u00e9sus nous donne est la sienne, c\u2019est-\u00e0-dire celle qui lui vient du P\u00e8re, dans l\u2019amour sans concession.&nbsp;<\/em><\/p>\n\n\n\n<p><em>J\u00e9sus est en permanence dans la Paix, m\u00eame lorsqu\u2019il souffre en croix et qu\u2019il ressent l\u2019abandon, car il sait qu\u2019il accolait la volont\u00e9 de Dieu de nous sauver.<\/em><\/p>\n\n\n\n<p><em>Cette Paix-l\u00e0 est sans alliage et elle est donc indestructible.<\/em><\/p>\n\n\n\n<p><em>Ce n\u2019est pas le cas des affaires de ce monde aveugle et englu\u00e9 dans les compromissions avec le mal.&nbsp;<\/em><\/p>\n\n\n\n<p><em>Ce monde-l\u00e0 ne supporte pas la Paix de J\u00e9sus et c\u2019est pourquoi il supprime J\u00e9sus. Il en est n\u00e9cessairement de m\u00eame pour les disciples de J\u00e9sus.<\/em><\/p>\n\n\n\n<p><em>Paul, Barnab\u00e9, les premi\u00e8res communaut\u00e9s chr\u00e9tiennes et jusqu\u2019\u00e0 nous-m\u00eames, nous connaissons l\u2019\u00e9preuve impos\u00e9e par le monde qui ne peut nous supporter. C\u2019est ainsi et il ne fait pas s\u2019en formaliser. Simplement prendre la Paix que J\u00e9sus nos donne.<\/em><\/p>\n\n\n\n<p><em>Lui-m\u00eame \u00e0 pri\u00e9 son P\u00e8re ainsi&nbsp;:&nbsp; \u00ab&nbsp;Je ne prie pas pour que tu les retires du monde, mais pour que tu les gardes du Mauvais. Ils n\u2019appartiennent pas au monde, de m\u00eame que moi, je n\u2019appartiens pas au monde.&nbsp;\u00bb (Jean 17, 15-16)<\/em><\/p>\n\n\n\n<p><strong>Intention de pri\u00e8re pour aujourd\u2019hui&nbsp;:&nbsp;<\/strong><\/p>\n\n\n\n<ul class=\"wp-block-list\"><li>Prions pur que la Paix vienne dans les coeurs, dans les familles, dans les quartiers, dans les nations et dans le monde<\/li><\/ul>\n\n\n\n<p><strong>Intention d\u2019action pour aujourd\u2019hui&nbsp;:&nbsp;&nbsp;<\/strong><\/p>\n\n\n\n<ul class=\"wp-block-list\"><li>Chacun pourra se d\u00e9cider \u00e0 offrir un visage avenant et bienveillant (m\u00eame derri\u00e8re son masque) \u00e0 toute personne rencontr\u00e9e dans la journ\u00e9e.<\/li><\/ul>\n\n\n\n<p><strong>Psaume144 (145)<\/strong><\/p>\n\n\n\n<p>Je t&rsquo;exalterai, mon Dieu, mon Roi,&nbsp;<\/p>\n\n\n\n<p>je b\u00e9nirai ton nom toujours et \u00e0 jamais !<\/p>\n\n\n\n<p>Chaque jour je te b\u00e9nirai,&nbsp;<\/p>\n\n\n\n<p>je louerai ton nom toujours et \u00e0 jamais.<\/p>\n\n\n\n<p>Il est grand, le Seigneur, hautement lou\u00e9 ;&nbsp;<\/p>\n\n\n\n<p>\u00e0 sa grandeur, il n&rsquo;est pas de limite.<\/p>\n\n\n\n<p>D&rsquo;\u00e2ge en \u00e2ge, on vantera tes oeuvres,&nbsp;<\/p>\n\n\n\n<p>on proclamera tes exploits.<\/p>\n\n\n\n<p>Je redirai le r\u00e9cit de tes merveilles,&nbsp;<\/p>\n\n\n\n<p>ton \u00e9clat, ta gloire et ta splendeur.<\/p>\n\n\n\n<p>On dira ta force redoutable ;&nbsp;<\/p>\n\n\n\n<p>je raconterai ta grandeur.<\/p>\n\n\n\n<p>On rappellera tes immenses bont\u00e9s ;&nbsp;<\/p>\n\n\n\n<p>tous acclameront ta justice.<\/p>\n\n\n\n<p>Le Seigneur est tendresse et piti\u00e9,&nbsp;<\/p>\n\n\n\n<p>lent \u00e0 la col\u00e8re et plein d&rsquo;amour ;<\/p>\n\n\n\n<p>la bont\u00e9 du Seigneur est pour tous,&nbsp;<\/p>\n\n\n\n<p>sa tendresse, pour toutes ses oeuvres.<\/p>\n\n\n\n<p>Que tes oeuvres, Seigneur, te rendent gr\u00e2ce&nbsp;<\/p>\n\n\n\n<p>et que tes fid\u00e8les te b\u00e9nissent !<\/p>\n\n\n\n<p>Ils diront la gloire de ton r\u00e8gne,&nbsp;<\/p>\n\n\n\n<p>ils parleront de tes exploits,<\/p>\n\n\n\n<p>annon\u00e7ant aux hommes tes exploits,&nbsp;<\/p>\n\n\n\n<p>la gloire et l&rsquo;\u00e9clat de ton r\u00e8gne :<\/p>\n\n\n\n<p>ton r\u00e8gne, un r\u00e8gne \u00e9ternel,&nbsp;<\/p>\n\n\n\n<p>ton empire, pour les \u00e2ges des \u00e2ges.&nbsp;<\/p>\n\n\n\n<p>Le Seigneur est vrai en tout ce qu&rsquo;il dit,&nbsp;<\/p>\n\n\n\n<p>fid\u00e8le en tout ce qu&rsquo;il fait.<\/p>\n\n\n\n<p>Le Seigneur soutient <br>\ntous ceux qui tombent,&nbsp;<\/p>\n\n\n\n<p>il redresse tous les accabl\u00e9s.<\/p>\n\n\n\n<p>Les yeux sur toi, tous, ils esp\u00e8rent :&nbsp;<\/p>\n\n\n\n<p>tu leur donnes la nourriture <br>\nau temps voulu ;<\/p>\n\n\n\n<p>tu ouvres ta main :&nbsp;<\/p>\n\n\n\n<p>tu rassasies avec bont\u00e9 tout ce qui vit.<\/p>\n\n\n\n<p>Le Seigneur est juste en toutes ses voies,&nbsp;<\/p>\n\n\n\n<p>fid\u00e8le en tout ce qu&rsquo;il fait.<\/p>\n\n\n\n<p>Il est proche de ceux qui l&rsquo;invoquent,&nbsp;<\/p>\n\n\n\n<p>de tous ceux qui l&rsquo;invoquent en v\u00e9rit\u00e9.<\/p>\n\n\n\n<p>I<\/p>\n\n\n\n<p>l r\u00e9pond au d\u00e9sir de ceux qui le craignent ;&nbsp;<\/p>\n\n\n\n<p>il \u00e9coute leur cri : il les sauve.<\/p>\n\n\n\n<p>Le Seigneur gardera tous ceux qui l&rsquo;aiment,&nbsp;<\/p>\n\n\n\n<p>mais il d\u00e9truira tous les impies.<\/p>\n\n\n\n<p>Que ma bouche proclame <br>\nles louanges du Seigneur ! *&nbsp;<\/p>\n\n\n\n<p>Son nom tr\u00e8s saint, <br>\nque toute chair le b\u00e9nisse&nbsp;<\/p>\n\n\n\n<p>toujours et \u00e0 jamais !<\/p>\n\n\n\n<figure class=\"wp-block-image\"><img decoding=\"async\" src=\"https:\/\/www.notredamedelaconfiance.fr\/wp-content\/uploads\/2020\/05\/jevouslaisselapaix-964x1024.png\" alt=\"\" class=\"wp-image-680\"\/><\/figure>\n","protected":false},"excerpt":{"rendered":"<p>Bonjour \u00e0 tous. Pour me permettre de souffler un peu, je vais interrompre l\u2019envoi de ce mail quotidien jusqu\u2019\u00e0 dimanche prochain 17 mai. Je vous prie de bien vouloir m\u2019en excuser, esp\u00e9rant aussi que chacun de vous pourra b\u00e9n\u00e9ficier prochainement de quelque repos apr\u00e8s cette p\u00e9riode \u00e9prouvante du confinement. Restez prudents et combattifs contre le [&hellip;]<\/p>\n","protected":false},"author":4,"featured_media":0,"comment_status":"closed","ping_status":"open","sticky":false,"template":"","format":"standard","meta":{"footnotes":""},"categories":[1],"tags":[],"class_list":["post-685","post","type-post","status-publish","format-standard","hentry","category-info"],"_links":{"self":[{"href":"https:\/\/www.notredamedelaconfiance.fr\/index.php\/wp-json\/wp\/v2\/posts\/685","targetHints":{"allow":["GET"]}}],"collection":[{"href":"https:\/\/www.notredamedelaconfiance.fr\/index.php\/wp-json\/wp\/v2\/posts"}],"about":[{"href":"https:\/\/www.notredamedelaconfiance.fr\/index.php\/wp-json\/wp\/v2\/types\/post"}],"author":[{"embeddable":true,"href":"https:\/\/www.notredamedelaconfiance.fr\/index.php\/wp-json\/wp\/v2\/users\/4"}],"replies":[{"embeddable":true,"href":"https:\/\/www.notredamedelaconfiance.fr\/index.php\/wp-json\/wp\/v2\/comments?post=685"}],"version-history":[{"count":1,"href":"https:\/\/www.notredamedelaconfiance.fr\/index.php\/wp-json\/wp\/v2\/posts\/685\/revisions"}],"predecessor-version":[{"id":686,"href":"https:\/\/www.notredamedelaconfiance.fr\/index.php\/wp-json\/wp\/v2\/posts\/685\/revisions\/686"}],"wp:attachment":[{"href":"https:\/\/www.notredamedelaconfiance.fr\/index.php\/wp-json\/wp\/v2\/media?parent=685"}],"wp:term":[{"taxonomy":"category","embeddable":true,"href":"https:\/\/www.notredamedelaconfiance.fr\/index.php\/wp-json\/wp\/v2\/categories?post=685"},{"taxonomy":"post_tag","embeddable":true,"href":"https:\/\/www.notredamedelaconfiance.fr\/index.php\/wp-json\/wp\/v2\/tags?post=685"}],"curies":[{"name":"wp","href":"https:\/\/api.w.org\/{rel}","templated":true}]}}