{"id":688,"date":"2020-05-18T09:48:31","date_gmt":"2020-05-18T07:48:31","guid":{"rendered":"https:\/\/www.notredamedelaconfiance.fr\/?p=688"},"modified":"2020-05-18T11:07:49","modified_gmt":"2020-05-18T09:07:49","slug":"des-croyants-vigoureux-dans-la-foi-et-la-fraternite-en-temps-de-pandemie","status":"publish","type":"post","link":"https:\/\/www.notredamedelaconfiance.fr\/index.php\/2020\/05\/18\/des-croyants-vigoureux-dans-la-foi-et-la-fraternite-en-temps-de-pandemie\/","title":{"rendered":"des croyants vigoureux dans la foi et la fraternit\u00e9 en temps de pand\u00e9mie"},"content":{"rendered":"\n<p>Bonjour \u00e0 tous.<\/p>\n\n\n\n<p>Ca fait du bien de revoir les rues et les quartiers vivants avec plein de gens d\u00e9confin\u00e9s.Attention, nous devons \u00eatre tr\u00e8s responsables et observer scrupuleusement les gestes barri\u00e8res ! Et dans ce domaine, les chr\u00e9tiens doivent \u00eatre d&rsquo;autant plus exemplaires.<br>La formule de ces messages qui \u00e9taient quotidiens pendant le confinement va changer. Je ne pourrai plus assurer une livraison quotidienne, mais je vous enverrai quelques informations ou suggestions.<br>Pour&nbsp;aujourd&rsquo;hui, tous informations&nbsp;de natures&nbsp;tr\u00e8s diff\u00e9rentes :<\/p>\n\n\n\n<p>1\/ \u00a0Demain mardi 19 mai de 17h \u00e0 19h \u00e0 la porre de l&rsquo;Espace Confiance, nous organisons une distribution de masques \u00e0 ceux qui n&rsquo;ont pas encore pu s&rsquo;en procurer. Nous d\u00e9sirons faciliter ainsi les d\u00e9placements et les sorties de ceux qui ont eu de ne pas avoir de protection.<br>Si vous en avez besoin ou si vous en avez en trop, vous pouvez venir en recevoir ou en apporter.<br><\/p>\n\n\n\n<p>2\/ Jeudi 21 mai, c&rsquo;est la F\u00eate de l&rsquo;Ascension du Seigneur. Vous pourrez vous connecter \u00e0 la Messe de 10h45 en cliquant sur le lien suivant :<a rel=\"noreferrer noopener\" href=\"https:\/\/us02web.zoom.us\/j\/89789093509?pwd=MEFYSUVudjBiaHdPSHIxbDR6SWF2Zz09\" target=\"_blank\">https:\/\/us02web.zoom.us\/j\/89789093509?pwd=MEFYSUVudjBiaHdPSHIxbDR6SWF2Zz09<\/a><\/p>\n\n\n\n<p>3\/ Pour commencer la neuvaine de la Pentec\u00f4te, certains souhaiteront sc\u00e9l\u00e9brer le sacrement du Pardon et de la r\u00e9conciliation. Je tiendrai donc une permanence de confessions jeudi de l&rsquo;Ascension 21 mai de 17h \u00e0 19h dans la chapelle. On entrera exclusivement par la porte c\u00f4t\u00e9 Espace Confiance et oison ressortira par la porte c\u00f4t\u00e9 escalier 9. A l&rsquo;int\u00e9rieur de la chapelle,\u00a0nous observerons les gestes barri\u00e8re et les pr\u00e9cautions sanitaires. Venez avec votre masque.<br><\/p>\n\n\n\n<p>Notre Dame de la Confiance, priez pour nous !<br>Notre Dame de la Paix, priez pour nous !<br>Notre Dame de Paris, priez pour nous !<br>Notre Dame de tout le monde, priez pour nous !<\/p>\n\n\n\n<p>Fraternellement.<\/p>\n","protected":false},"excerpt":{"rendered":"<p>Bonjour \u00e0 tous. Ca fait du bien de revoir les rues et les quartiers vivants avec plein de gens d\u00e9confin\u00e9s.Attention, nous devons \u00eatre tr\u00e8s responsables et observer scrupuleusement les gestes barri\u00e8res ! Et dans ce domaine, les chr\u00e9tiens doivent \u00eatre d&rsquo;autant plus exemplaires.La formule de ces messages qui \u00e9taient quotidiens pendant le confinement va changer. [&hellip;]<\/p>\n","protected":false},"author":4,"featured_media":0,"comment_status":"closed","ping_status":"open","sticky":false,"template":"","format":"standard","meta":{"footnotes":""},"categories":[1],"tags":[],"class_list":["post-688","post","type-post","status-publish","format-standard","hentry","category-info"],"_links":{"self":[{"href":"https:\/\/www.notredamedelaconfiance.fr\/index.php\/wp-json\/wp\/v2\/posts\/688","targetHints":{"allow":["GET"]}}],"collection":[{"href":"https:\/\/www.notredamedelaconfiance.fr\/index.php\/wp-json\/wp\/v2\/posts"}],"about":[{"href":"https:\/\/www.notredamedelaconfiance.fr\/index.php\/wp-json\/wp\/v2\/types\/post"}],"author":[{"embeddable":true,"href":"https:\/\/www.notredamedelaconfiance.fr\/index.php\/wp-json\/wp\/v2\/users\/4"}],"replies":[{"embeddable":true,"href":"https:\/\/www.notredamedelaconfiance.fr\/index.php\/wp-json\/wp\/v2\/comments?post=688"}],"version-history":[{"count":2,"href":"https:\/\/www.notredamedelaconfiance.fr\/index.php\/wp-json\/wp\/v2\/posts\/688\/revisions"}],"predecessor-version":[{"id":690,"href":"https:\/\/www.notredamedelaconfiance.fr\/index.php\/wp-json\/wp\/v2\/posts\/688\/revisions\/690"}],"wp:attachment":[{"href":"https:\/\/www.notredamedelaconfiance.fr\/index.php\/wp-json\/wp\/v2\/media?parent=688"}],"wp:term":[{"taxonomy":"category","embeddable":true,"href":"https:\/\/www.notredamedelaconfiance.fr\/index.php\/wp-json\/wp\/v2\/categories?post=688"},{"taxonomy":"post_tag","embeddable":true,"href":"https:\/\/www.notredamedelaconfiance.fr\/index.php\/wp-json\/wp\/v2\/tags?post=688"}],"curies":[{"name":"wp","href":"https:\/\/api.w.org\/{rel}","templated":true}]}}