{"id":747,"date":"2020-11-05T11:11:55","date_gmt":"2020-11-05T10:11:55","guid":{"rendered":"https:\/\/www.notredamedelaconfiance.fr\/?p=747"},"modified":"2020-11-05T11:11:55","modified_gmt":"2020-11-05T10:11:55","slug":"la-chapelle-nd-de-la-confiance-se-familiarise-avec-la-bible-2","status":"publish","type":"post","link":"https:\/\/www.notredamedelaconfiance.fr\/index.php\/2020\/11\/05\/la-chapelle-nd-de-la-confiance-se-familiarise-avec-la-bible-2\/","title":{"rendered":"La Chapelle Nd de la Confiance se familiarise avec la Bible 2"},"content":{"rendered":"\n<p>Bonjour \u00e0 tous.<\/p>\n\n\n\n<p>Voici le deuxi\u00e8me message \u00e0 propos des textes bibliques de dimanche prochain, le 8 novembre qui sera le 32<sup>\u00e8me<\/sup> dimanche du Temps Ordinaire, ann\u00e9e A.<\/p>\n\n\n\n<p>L\u2019ann\u00e9e liturgique commence avec le 1<sup>er<\/sup> dimanche de l\u2019Avent et s\u2019ach\u00e8ve avec la f\u00eate du Christ Roi de l\u2019Univers. Cette ann\u00e9e le Christ Roi sera c\u00e9l\u00e9br\u00e9 le 22 novembre ey courra l\u2019ann\u00e9e A au cours de laquelle nous avons \u00e9cout\u00e9 l\u2019Evangile selon St Matthieu. Le 29 novembre, 1<sup>er<\/sup> dimanche de l\u2019Avent, nous commenceront l\u2019ann\u00e9e B et nous \u00e9couterons principalement l\u2019Evangile de Marc tout au long de l\u2019ann\u00e9e. La 3<sup>\u00e8me<\/sup> ann\u00e9e nous, dans un an, nous donnera \u00e0 go\u00fbter l\u2019Evangile selon Dt Luc.<\/p>\n\n\n\n<p>Dans l\u2019imm\u00e9diat, voici <strong>la deuxi\u00e8me lecture de ce dimanche 8 novembre:<\/strong><\/p>\n\n\n\n<p>Lecture de la 1<sup>\u00e8re<\/sup> Lettre de St Paul aux Thessaloniciens (1 Th 4,&nbsp;13-18)<\/p>\n\n\n\n<p>Fr\u00e8res,&nbsp;<\/p>\n\n\n\n<p>nous ne voulons pas vous laisser dans l\u2019ignorance <br>\nau sujet de ceux qui se sont endormis dans la mort ;&nbsp;<\/p>\n\n\n\n<p>il ne faut pas que vous soyez abattus comme les autres, <br>\nqui n\u2019ont pas d\u2019esp\u00e9rance.&nbsp;<\/p>\n\n\n\n<p>J\u00e9sus, nous le croyons, est mort et ressuscit\u00e9 ; <br>\nde m\u00eame, nous le croyons aussi, ceux qui se sont endormis, <br>\nDieu, par J\u00e9sus, les emm\u00e8nera avec lui.<\/p>\n\n\n\n<p>Car, sur la parole du Seigneur, nous vous d\u00e9clarons ceci&nbsp;:<\/p>\n\n\n\n<p>nous les vivants, nous qui sommes encore l\u00e0 pour la venue du Seigneur,<br>\nnous ne devancerons pas ceux qui se sont endormis.<\/p>\n\n\n\n<p>Au signal donn\u00e9 par la voix de l\u2019archange, et par la trompette divine,<br>\nle Seigneur lui-m\u00eame descendra du ciel,<\/p>\n\n\n\n<p>et ceux qui sont morts dans le Christ ressusciteront d\u2019abord.<\/p>\n\n\n\n<p>Ensuite, nous les vivants, nous qui sommes encore l\u00e0,<br>\nnous serons emport\u00e9s sur les nu\u00e9es du ciel, en m\u00eame temps qu\u2019eux,<br>\n\u00e0 la rencontre du Seigneur.<\/p>\n\n\n\n<p>Ainsi, nous serons pour toujours avec le Seigneur.<\/p>\n\n\n\n<p>R\u00e9confortez-vous donc les uns les autres avec ce que je viens de dire.<\/p>\n\n\n\n<p>Parole du Seigneur.<\/p>\n\n\n\n<p>La 1<sup>\u00e8re<\/sup> lettre de Paul aux croyants de Thessalonique est sans foute l\u2019\u00e9crit chr\u00e9tien le plus ancien dont nous disposons. Elle a probablement \u00e9t\u00e9 \u00e9crite depuis Corinthe o\u00f9 Paul fondait une des plus grandes communaut\u00e9s chr\u00e9tiennes apr\u00e8s avoir fond\u00e9 celle de Thessalonique.<\/p>\n\n\n\n<p>Elle date \u00e0 peu pr\u00e8s de l\u2019ann\u00e9e 65 de notre \u00e8re, soit quand m\u00eame plus de trente ans apr\u00e8s la R\u00e9surrection du Seigneur et la Pentec\u00f4te&nbsp;:&nbsp; 30 ans pendant lesquelles quelques manuscrits disparates ont sans doute circul\u00e9 mais pas de texte organis\u00e9 et complet. L\u2019annonce de l\u2019Evangile et l\u2019enseignement se faisaient principalement par transmission orale.<\/p>\n\n\n\n<p>Dans cette lettre o\u00f9 Paul se r\u00e9jouit de la foi de ces nouveaux chr\u00e9tiens \u00e9prouv\u00e9s, il parle principalement de l\u2019esp\u00e9rance de la foi dans le retour en gloire du Seigneur J\u00e9sus.<\/p>\n\n\n\n<p>Nous-m\u00eames croyons fermement \u00e0 ce retour du Christ qui ach\u00e8vera le temps, \u00e0 tel poins que. nous le proclamons \u00e0 chaque Messe&nbsp;:&nbsp; \u00ab&nbsp;Il est grand le myst\u00e8re de la foi: Nous rappelons ta mort, Seigneur J\u00e9sus, nous c\u00e9l\u00e9brons ta R\u00e9surrection, nous attendons ta venue dans la gloire!&nbsp;\u00bb<\/p>\n\n\n\n<p>Paul, dans ces premi\u00e8res ann\u00e9es de sa pr\u00e9dication pense que ce retour du Seigneur est tr\u00e8s proche et que ceux qui ne sont pas encore morts sur cette terre verront ce retour de leurs yeux.<\/p>\n\n\n\n<p>Certains s\u2019\u00e9tonnent alors que des croyants soient d\u00e9j\u00e0 morts de leur belle mort et enterr\u00e9s alors que J\u00e9sus n\u2019est pas encore de retour.<\/p>\n\n\n\n<p>Paul r\u00e9pond \u00e0 ces interrogations en redisant sa foi&nbsp;:&nbsp; tr\u00e8s bient\u00f4t, un \u00e9v\u00e9nement \u00e9blouissant et triomphant manifestera la Pr\u00e9sence nouvelle et d\u00e9finitive du Seigneur J\u00e9sus qui mettra ainsi un terme \u00e0 l\u2019histoire terrestre.<\/p>\n\n\n\n<p>Force nous est de constater que 2000 ans apr\u00e8s, nous n\u2019avons spas encore vu cet \u00e9v\u00e9nement attendu&nbsp;!&nbsp;&nbsp;<\/p>\n\n\n\n<p>Mais nous l\u2019attendons encore&nbsp;:&nbsp; ce sera peut-\u00eatre la semaine prochaine, ou demain matin, ou \u2026 un peu plus tard encore&nbsp;!&nbsp;&nbsp;<\/p>\n\n\n\n<p>Rappelons-nous que, dans l\u2019Evangile (Mt 24, 36)et les Actes des Ap\u00f4tres \u2018Ac 1, 7), J\u00e9sus nous a bien dit que personne, pas m\u00eame lui ne conna\u00eet le jour de la fin des temps, mais seul Dieu son P\u00e8re.<\/p>\n\n\n\n<p><strong>ouvrir ce texte :<\/strong>&nbsp;<\/p>\n\n\n\n<ol class=\"wp-block-list\"><li>Je vous sugg\u00e8re de commencer par une lecture attentive pour comprendre le raisonnement que Paul propose \u00e0 ses lecteurs&nbsp;:&nbsp; que doit-il se passer, dans quel ordre, de quelle mani\u00e8re et quel en sera le r\u00e9sultat.<\/li><li>Puis-je vous propose de prendre conscience de que vous attendez vous-m\u00eame&nbsp;:&nbsp; attente pour votre vie pr\u00e9sente, attente de la, pleine communion avec le P\u00e8re&nbsp;;&nbsp; attente de retrouver ceux qui vous ont \u00e9t\u00e9 chers, etc. Vous pouvez alors faire dialoguer votre propre esp\u00e9rance avec celle de Paul.<\/li><li>Enfin, je vous propose de r\u00e9diger une courte pri\u00e8re que vous adressez au P\u00e8re ou au Seigneur J\u00e9sus ou \u00e0 l\u2019Esprit Saint pour \u00eatre guid\u00e9-e vers cette esp\u00e9rance qui ne fera pas d\u00e9faut.<\/li><\/ol>\n\n\n\n<p>Je vous indique des sites o\u00f9 vous pouvez aborder les textes de la Parole de Dieu &nbsp;:&nbsp;<\/p>\n\n\n\n<p>Tout d\u2019abord, la lecture et les commentaires de Marie-No\u00eblle Thabut pour le dimanche qui vient (renouvel\u00e9 chaque semaine \u00e0 la m\u00eame adresse)&nbsp;:&nbsp;&nbsp;<\/p>\n\n\n\n<figure class=\"wp-block-embed\"><div class=\"wp-block-embed__wrapper\">\nhttps:\/\/eglise.catholique.fr\/approfondir-sa-foi\/la-celebration-de-la-foi\/le-dimanche-jour-du-seigneur\/commentaires-de-marie-noelle-thabut\/\n<\/div><\/figure>\n\n\n\n<p>Th\u00e9obule pour les enfants (et les grands enfants), recommand\u00e9 par Anne-Marie Vuillerme&nbsp;:&nbsp;<\/p>\n\n\n\n<figure class=\"wp-block-embed\"><div class=\"wp-block-embed__wrapper\">\nhttps:\/\/www.theobule.org\/video\/les-vierges-folles-et-les-vierges-sages\/476\n<\/div><\/figure>\n\n\n\n<p>Deux autres sites tr\u00e8s nourrissants recommand\u00e9s par Luc Poyer&nbsp;:&nbsp;&nbsp;<\/p>\n\n\n\n<p>1\/ un zoom sur les cours du p\u00e8re Fabre sur les Ecritures<\/p>\n\n\n\n<figure class=\"wp-block-embed\"><div class=\"wp-block-embed__wrapper\">\nhttps:\/\/www.collegedesbernardins.fr\/content\/101-une-initiation-lecriture-sainte-la-lumiere-de-la-parole-1ere-annee-lundi-matin\n<\/div><\/figure>\n\n\n\n<p>2\/ et le top&nbsp;: ses podcasts de 15 mn \u00e9tablis lors du \u00ab&nbsp;premier&nbsp;\u00bb confinement\/ ma recommandation au Conseil Pastoral&nbsp;: essayer lors du second de ne pas passer \u00e0 cot\u00e9 ( ce qui m\u2019est arriv\u00e9 lors du premier, \u2026): c\u2019est un bijou de p\u00e9dagogie et d\u2019ouverture sur les Ecritures , tr\u00e8s accessible<\/p>\n\n\n\n<figure class=\"wp-block-embed\"><div class=\"wp-block-embed__wrapper\">\nhttps:\/\/www.collegedesbernardins.fr\/une-lecture-historique-et-theologique-du-livre-des-actes-des-apotres\n<\/div><\/figure>\n\n\n\n<p>Mon ami Samir Nassif me recommande un cours magnifique par internet qui aura lieu samedi prochain intitul\u00e9&nbsp;:&nbsp; \u00ab&nbsp;Une journ\u00e9e pour d\u00e9couvrir l\u2019Ancien Testament par Zoom. Elle est propos\u00e9e par le CIF (Centre pour l\u2019Intelligence de la Foi) et donn\u00e9e par Roselyne Dupont-Roc. Vous trouverez les indications dans le mail que je vous faire suivre.<\/p>\n\n\n\n<p>Pour finir, le lien avec la rencontre en visioconf\u00e9rence de ce soir \u00e0 19h30:&nbsp;<\/p>\n\n\n\n<figure class=\"wp-block-embed\"><div class=\"wp-block-embed__wrapper\">\nhttps:\/\/us02web.zoom.us\/j\/87078230564?pwd=cG9GSVVXWmxuc2RrSldtVFRNUlpMZz09\n<\/div><\/figure>\n\n\n\n<p>ID de r\u00e9union&nbsp;: 870 7823 0564<\/p>\n\n\n\n<p>Code secret&nbsp;: 111598<\/p>\n\n\n\n<p>et celui pour la Messe de dimanche prochain 8 novembre:&nbsp;<\/p>\n\n\n\n<figure class=\"wp-block-embed\"><div class=\"wp-block-embed__wrapper\">\nhttps:\/\/us02web.zoom.us\/j\/88110530144?pwd=RDdIbW5JMnhUTy96SEhVTmtJUmRjdz09\n<\/div><\/figure>\n\n\n\n<p>ID de r\u00e9union&nbsp;: 881 1053 0144<\/p>\n\n\n\n<p>Code secret&nbsp;: 663088<\/p>\n\n\n\n<p><strong><em>NB&nbsp;:&nbsp; si certains d\u2019entre vous proches de la chapelle d\u00e9sirent communier au Corps du Christ apr\u00e8s!s la Messe, vous pouvez vous signaler en retour de ce mail en indiquant bien vos noms, adresse, code d\u2019acc\u00e8s, t\u00e9l\u00e9phone et nombre de communiants \u00e0 la maison. Un diacre ou moi-m\u00eame ira alors vous porter le Seigneur apr\u00e8s la Messe de ce dimanche.<\/em><\/strong><\/p>\n\n\n\n<p>Bonne d\u00e9couverte de la Bible, de la Parole de Dieu &nbsp;:&nbsp; car Dieu vous parle au cour !<\/p>\n\n\n\n<p><strong>A ce soir \u00e0 19h30<\/strong> pour la visioconf\u00e9rence et \u00e0 dimanche pour la Messe !<\/p>\n\n\n\n<p>Fraternellement<\/p>\n\n\n\n<p>(si vous ne souhaitez plus recevoir ces messages, merci de me le dire simplement par retour de mail.)<\/p>\n","protected":false},"excerpt":{"rendered":"<p>Bonjour \u00e0 tous. Voici le deuxi\u00e8me message \u00e0 propos des textes bibliques de dimanche prochain, le 8 novembre qui sera le 32\u00e8me dimanche du Temps Ordinaire, ann\u00e9e A. L\u2019ann\u00e9e liturgique commence avec le 1er dimanche de l\u2019Avent et s\u2019ach\u00e8ve avec la f\u00eate du Christ Roi de l\u2019Univers. Cette ann\u00e9e le Christ Roi sera c\u00e9l\u00e9br\u00e9 le [&hellip;]<\/p>\n","protected":false},"author":4,"featured_media":0,"comment_status":"closed","ping_status":"open","sticky":false,"template":"","format":"standard","meta":{"footnotes":""},"categories":[1],"tags":[],"class_list":["post-747","post","type-post","status-publish","format-standard","hentry","category-info"],"_links":{"self":[{"href":"https:\/\/www.notredamedelaconfiance.fr\/index.php\/wp-json\/wp\/v2\/posts\/747","targetHints":{"allow":["GET"]}}],"collection":[{"href":"https:\/\/www.notredamedelaconfiance.fr\/index.php\/wp-json\/wp\/v2\/posts"}],"about":[{"href":"https:\/\/www.notredamedelaconfiance.fr\/index.php\/wp-json\/wp\/v2\/types\/post"}],"author":[{"embeddable":true,"href":"https:\/\/www.notredamedelaconfiance.fr\/index.php\/wp-json\/wp\/v2\/users\/4"}],"replies":[{"embeddable":true,"href":"https:\/\/www.notredamedelaconfiance.fr\/index.php\/wp-json\/wp\/v2\/comments?post=747"}],"version-history":[{"count":1,"href":"https:\/\/www.notredamedelaconfiance.fr\/index.php\/wp-json\/wp\/v2\/posts\/747\/revisions"}],"predecessor-version":[{"id":748,"href":"https:\/\/www.notredamedelaconfiance.fr\/index.php\/wp-json\/wp\/v2\/posts\/747\/revisions\/748"}],"wp:attachment":[{"href":"https:\/\/www.notredamedelaconfiance.fr\/index.php\/wp-json\/wp\/v2\/media?parent=747"}],"wp:term":[{"taxonomy":"category","embeddable":true,"href":"https:\/\/www.notredamedelaconfiance.fr\/index.php\/wp-json\/wp\/v2\/categories?post=747"},{"taxonomy":"post_tag","embeddable":true,"href":"https:\/\/www.notredamedelaconfiance.fr\/index.php\/wp-json\/wp\/v2\/tags?post=747"}],"curies":[{"name":"wp","href":"https:\/\/api.w.org\/{rel}","templated":true}]}}