{"id":759,"date":"2020-11-17T16:31:47","date_gmt":"2020-11-17T15:31:47","guid":{"rendered":"https:\/\/www.notredamedelaconfiance.fr\/?p=759"},"modified":"2020-11-17T16:31:47","modified_gmt":"2020-11-17T15:31:47","slug":"la-chapelle-notre-dame-de-la-confiance-se-familiarise-avec-la-parole-de-dieu-5","status":"publish","type":"post","link":"https:\/\/www.notredamedelaconfiance.fr\/index.php\/2020\/11\/17\/la-chapelle-notre-dame-de-la-confiance-se-familiarise-avec-la-parole-de-dieu-5\/","title":{"rendered":"La chapelle Notre Dame de la Confiance se familiarise avec la Parole de Dieu &#8211; 5"},"content":{"rendered":"\n<p>Bonjour \u00e0 tous.<\/p>\n\n\n\n<p>Tout d\u2019abord, un grand merci, pour l\u2019aide alimentaire que vous avez apport\u00e9e la semaine derni\u00e8re. Dimanche dernier , plus de trente familles ont pu recevoir un colis bienvenu et rencontrer des b\u00e9n\u00e9voles du Secours Catholique ou de la paroisse pour faire le point sur leurs droits et trouver des voies de sortie de leurs difficult\u00e9s. Nous n\u2019avons pas pr\u00e9vu de refaire une telle op\u00e9ration, mais nous allons soutenir les contacts pris pour qu\u2019en effet la situation de ces familles s\u2019am\u00e9liore progressivement.<\/p>\n\n\n\n<p>Nous sommes tous bien conscients que les temps sont durs surtout pour les plus fragiles. Et donc, la solidarit\u00e9 continue, sous d\u2019autres formes.<\/p>\n\n\n\n<p>En particulier, la collecte de la Banque Alimentaire rev\u00eat cette ann\u00e9e une importance toute sp\u00e9ciale car les besoins augmentent&nbsp; tr\u00e8s fortement.<\/p>\n\n\n\n<p>C\u2019est une tradition de la chapelle ND de la Confiance de se mobiliser pour r\u00e9colter dans les magasins Franprix du quartier ce que les clients ach\u00e8teront en plus de leurs courses pour donner \u00e0 la Banque Alimentaire. Voici donc un appel de Martine Delano\u00e9 qui organise cette collecte pour la chapelle.<\/p>\n\n\n\n<p><strong>Collecte de la Banque Alimentaire samedi 28 novembre<\/strong><\/p>\n\n\n\n<p>Certains ont d\u00e9j\u00e0 r\u00e9pondu \u00e0 mon appel par sms la semaine derni\u00e8re. Grand merci&nbsp;!&nbsp;<\/p>\n\n\n\n<p>Mais il reste des \u2018trous dans la raquette\u2019&nbsp;:&nbsp;<\/p>\n\n\n\n<ul class=\"wp-block-list\"><li>de 13h \u00e0 14h \u00e0 Franprix rue de Saussure<\/li><li>de 12h \u00e0 14h \u00e0 Franprix rue Chuquet&nbsp;<\/li><li>de 12h \u00e0 14h \u00e0 Franprix rue des Batignolles&nbsp;<\/li><li>de 12h \u00e0 14h \u00e0 Franprix rue Cardinet<\/li><li>de 16h \u00e0 18h \u00e0 Franprix rue de Saussure&nbsp;<\/li><\/ul>\n\n\n\n<p><strong>Merci de joindre Martine au 07&nbsp;78&nbsp;39&nbsp;87&nbsp;97 pour vous proposer.<\/strong><\/p>\n\n\n\n<p>La chapelle vous donnera une attestation pour participer&nbsp; \u00e0 cette op\u00e9ration.&nbsp;<\/p>\n\n\n\n<p>Cette ann\u00e9e pas de distribution de sandwichs, merci de vous pr\u00e9voir&nbsp; des petites collations.<\/p>\n\n\n\n<p>Le fr\u00e8re&nbsp; Michel&nbsp; passera dans chaque magasin.<\/p>\n\n\n\n<p>Michel de la Giraudi\u00e8re vous procurera des cartons, affiches,&nbsp; gilets, gants , gel et mat\u00e9riel&nbsp; n\u00e9cessaires&nbsp; pour cette journ\u00e9e.&nbsp;<\/p>\n\n\n\n<p>Il effectuera aussi le ramassage&nbsp; des denr\u00e9es dans les cartons.&nbsp;<\/p>\n\n\n\n<p>Je reste cette ann\u00e9e&nbsp; votre relais t\u00e9l\u00e9phonique au 07 78 39 87 97 vous pouvez me joindre sans probl\u00e8me.&nbsp;<\/p>\n\n\n\n<p>Martine Delano\u00e9<\/p>\n\n\n\n<p><strong>Ouvrons notre Bible<\/strong><\/p>\n\n\n\n<p>Aujourd\u2019hui encore dans le mail du mardi, je vous propose d\u2019\u00e9couter ensemble, la 1<sup>\u00e8re<\/sup> lecture, le Psaume et l\u2019Evangile de ce dimanche.<\/p>\n\n\n\n<p>Dans la Bible, les proph\u00e8tes sont rang\u00e9s par ordre de taille. Ez\u00e9chiel est le troisi\u00e8me des grands proph\u00e8tes, apr\u00e8s Isa\u00efe et J\u00e9r\u00e9mie. C\u2019est le Proph\u00e8te du temps de l\u2019Exil \u00e0 Babylone. En 597 avant notre \u00e8re, Nabuchodonosor a d\u00e9port\u00e9 les habitants de J\u00e9rusalem \u00e0 Babylone. Pour les h\u00e9breux, c\u2019est un traumatisme tr\u00e8s profond&nbsp;:&nbsp; leur foi est fond\u00e9e sur l\u2019\u0153uvre de Dieu qui a fait sortir son peuple de l\u2019Egypte o\u00f9 il \u00e9tait esclave. Et le voil\u00e0 \u00e0 nouveau r\u00e9duit \u00e0 la servitude loin de la Terre Promise que Dieu lui a donn\u00e9. O\u00f9 donc est la fid\u00e9lit\u00e9 de Dieu et sa puissance sur laquelle on comptait pour \u00e9chapper \u00e0 tous les dangers&nbsp;?&nbsp;<\/p>\n\n\n\n<p>Ez\u00e9chiel est un pr\u00eatre du Temple de J\u00e9rusalem, d\u00e9truit par Nabuchodonosor. Il re\u00e7oit la mission d\u2019annoncer que Dieu va restaurer le Temple et y ramener tous les exil\u00e9s.&nbsp;<\/p>\n\n\n\n<p>Son livre, tr\u00e8s organis\u00e9, comporte de grandes visions du nouveau Temple et de la nouvelle venue de Dieu lui-m\u00eame dans ce Temple reb\u00e2ti (Ez 40 &#8211; 43).&nbsp;<\/p>\n\n\n\n<p>Il annonce la pr\u00e9venance de Dieu pour son peuple&nbsp;:&nbsp; \u00e0 la diff\u00e9rence des rois et chefs pass\u00e9s qui ont men\u00e9 le peuple au malheur (Ez 34, 1-10), Dieu lui-m\u00eame sera le Berger qui conduira son peuple vers la Vie.<\/p>\n\n\n\n<p>Ez\u00e9chiel s\u2019adresse donc \u00e0 un peuple en plein d\u00e9sarroi&nbsp;:&nbsp; malheureux, il ne sait plus du tout s\u2019il lui reste une esp\u00e9rance et si oui laquelle.<\/p>\n\n\n\n<p>Lecture du Livre du Proph\u00e8te Ez\u00e9chiel (Ez 34,&nbsp;11-12.15-17)<\/p>\n\n\n\n<p><em>Ainsi parle le Seigneur Dieu :&nbsp;<\/em><\/p>\n\n\n\n<p><em>Voici que moi-m\u00eame, je m\u2019occuperai de mes brebis, et je veillerai sur elles.&nbsp;<\/em><\/p>\n\n\n\n<p><em>Comme un berger veille sur les brebis de son troupeau quand elles sont dispers\u00e9es, <br>\nainsi je veillerai sur mes brebis, <br>\net j\u2019irai les d\u00e9livrer dans tous les endroits o\u00f9 elles ont \u00e9t\u00e9 dispers\u00e9es <br>\nun jour de nuages et de sombres nu\u00e9es.&nbsp;<\/em><\/p>\n\n\n\n<p><em>C\u2019est moi qui ferai pa\u00eetre mon troupeau, et c\u2019est moi qui le ferai reposer, <br>\n\u2013 oracle du Seigneur Dieu.&nbsp;<\/em><\/p>\n\n\n\n<p><em>La brebis perdue, je la chercherai ; <br>\nl\u2019\u00e9gar\u00e9e, je la ram\u00e8nerai.&nbsp;<\/em><\/p>\n\n\n\n<p><em>Celle qui est bless\u00e9e, je la panserai.&nbsp;<\/em><\/p>\n\n\n\n<p><em>Celle qui est malade, je lui rendrai des forces.&nbsp;<\/em><\/p>\n\n\n\n<p><em>Celle qui est grasse et vigoureuse, je la garderai, je la ferai pa\u00eetre selon le droit.&nbsp;<\/em><\/p>\n\n\n\n<p><em>Et toi, mon troupeau \u2013 ainsi parle le Seigneur Dieu \u2013, <br>\nvoici que je vais juger entre brebis et brebis, entre les b\u00e9liers et les boucs.&nbsp;<\/em><\/p>\n\n\n\n<p>Parole du Seigneur.<\/p>\n\n\n\n<p>Pour aborder un texte biblique, on peut utiliser la m\u00e9thode des trois lectures successives que je vous ai indiqu\u00e9e dans les mails pr\u00e9c\u00e9dents.<\/p>\n\n\n\n<p>Mais vous pouvez aussi avec profit resituer le passage dans son contexte. Par exemple ici, prenez le temps de feuilleter le livre du proph\u00e8te et surtout lire le chapitre 34 dans son entier&nbsp;:&nbsp; les versets qui pr\u00e9c\u00e8dent ceux ci-dessus qui seront lus lors de la Messe et ceux qui suivent&nbsp;:&nbsp; vous verrez le, contraste entre la mauvaise gouvernance des chefs d\u00e9chus et celle que Dieu se promet d\u2019employer.<\/p>\n\n\n\n<p>Si votre Bible est assez grosse, elle dispose sans doute de ce qu\u2019on appelle un appareil critique&nbsp;:&nbsp; ce sont des notes en bas de page, des introductions aux diff\u00e9rents livres, des rappels historiques ou chronologiques \u00e0 la fin du volume. Donnez-vous la chance de voyager dans la Bible en abordant ces diff\u00e9rents outils ajout\u00e9s au texte biblique lui-m\u00eame.<\/p>\n\n\n\n<p>Le Psaume 22 (23)<\/p>\n\n\n\n<p><em>Le Seigneur est mon berger :&nbsp;<\/em><\/p>\n\n\n\n<p><em>je ne manque de rien.&nbsp;<\/em><\/p>\n\n\n\n<p><em>Sur des pr\u00e9s d\u2019herbe fra\u00eeche,&nbsp;<\/em><\/p>\n\n\n\n<p><em>il me fait reposer.&nbsp;<\/em><\/p>\n\n\n\n<p><em>Il me m\u00e8ne vers les eaux tranquilles&nbsp;<\/em><\/p>\n\n\n\n<p><em>et me fait revivre ;&nbsp;<\/em><\/p>\n\n\n\n<p><em>il me conduit par le juste chemin&nbsp;<\/em><\/p>\n\n\n\n<p><em>pour l\u2019honneur de son nom.&nbsp;<\/em><\/p>\n\n\n\n<p><em>Si je traverse les ravins de la mort,&nbsp;<\/em><\/p>\n\n\n\n<p><em>je ne crains aucun mal,&nbsp;<\/em><\/p>\n\n\n\n<p><em>car tu es avec moi : t<\/em><\/p>\n\n\n\n<p><em>on b\u00e2ton me guide et me rassure.&nbsp;<\/em><\/p>\n\n\n\n<p><em>Tu pr\u00e9pares la table pour moi&nbsp;<\/em><\/p>\n\n\n\n<p><em>devant mes ennemis ;&nbsp;<\/em><\/p>\n\n\n\n<p><em>tu r\u00e9pands le parfum sur ma t\u00eate,&nbsp;<\/em><\/p>\n\n\n\n<p><em>ma coupe est d\u00e9bordante.&nbsp;<\/em><\/p>\n\n\n\n<p><em>Gr\u00e2ce et bonheur m\u2019accompagnent&nbsp;<\/em><\/p>\n\n\n\n<p><em>tous les jours de ma vie ;&nbsp;<\/em><\/p>\n\n\n\n<p><em>j\u2019habiterai la maison du Seigneur&nbsp;<\/em><\/p>\n\n\n\n<p><em>pour la dur\u00e9e de mes jours.<\/em><\/p>\n\n\n\n<p>Ce Psaume magnifique est d\u2019un des plus aim\u00e9s par les priants, par ceux qui mettent leur confiance en Dieu en toutes circonstances.<\/p>\n\n\n\n<p>Par del\u00e0 son ambiance bucolique et champ\u00eatre, o\u00f9 il est question d\u2019herbe fraiche et d\u2019eaux tranquilles, il \u00e9voque l\u2019effroi de celui qui est confront\u00e9 \u00e0 la mort&nbsp;:&nbsp; \u00ab&nbsp;si je traverse les ravins de la mort&nbsp;\u00bb et l\u2019exp\u00e9rience spirituelle du croyant qui est pr\u00e9serv\u00e9 par la gr\u00e2ce du bon Berger.<\/p>\n\n\n\n<p>Vous pouvez faire vos d\u00e9lices de ce Psaume et en trouver un \u00e9cho dans l\u2019Evangile de Jean&nbsp; (Jn&nbsp;10,&nbsp;1-21) o\u00f9 J\u00e9sus se r\u00e9v\u00e8le \u00eatre lui-m\u00eame le Bon Pasteur.<\/p>\n\n\n\n<p>Evangile de J\u00e9sus-Christ selon Saint Matthieu (Mt 25, 31-46)<\/p>\n\n\n\n<p><em>En ce temps-l\u00e0, J\u00e9sus disait \u00e0 ses disciples :&nbsp;<\/em><\/p>\n\n\n\n<p><em>\u00ab Quand le Fils de l\u2019homme viendra dans sa gloire, et tous les anges avec lui, <br>\nalors il si\u00e9gera sur son tr\u00f4ne de gloire.&nbsp;<\/em><\/p>\n\n\n\n<p><em>Toutes les nations seront rassembl\u00e9es devant lui ; <br>\nil s\u00e9parera les hommes les uns des autres, comme le berger s\u00e9pare les brebis des boucs &nbsp;:&nbsp;<br>\nil placera les brebis \u00e0 sa droite, et les boucs \u00e0 gauche.&nbsp;<\/em><\/p>\n\n\n\n<p><em>Alors le Roi dira \u00e0 ceux qui seront \u00e0 sa droite :&nbsp;<\/em><\/p>\n\n\n\n<p><em>\u2018Venez, les b\u00e9nis de mon P\u00e8re, <br>\nrecevez en h\u00e9ritage le Royaume pr\u00e9par\u00e9 pour vous depuis la fondation du monde.&nbsp;<\/em><\/p>\n\n\n\n<p><em>Car j\u2019avais faim, et vous m\u2019avez donn\u00e9 \u00e0 manger ; <br>\nj\u2019avais soif, et vous m\u2019avez donn\u00e9 \u00e0 boire ; <br>\nj\u2019\u00e9tais un \u00e9tranger, et vous m\u2019avez accueilli ; <br>\nj\u2019\u00e9tais nu, et vous m\u2019avez habill\u00e9 ; <br>\nj\u2019\u00e9tais malade, et vous m\u2019avez visit\u00e9 ; <br>\nj\u2019\u00e9tais en prison, et vous \u00eates venus jusqu\u2019\u00e0 moi !\u2019&nbsp;<\/em><\/p>\n\n\n\n<p><em>Alors les justes lui r\u00e9pondront : <br>\n\u2018Seigneur, quand est-ce que nous t\u2019avons vu&#8230;? <br>\ntu avais donc faim, et nous t\u2019avons nourri ? <br>\ntu avais soif, et nous t\u2019avons donn\u00e9 \u00e0 boire ? <br>\ntu \u00e9tais un \u00e9tranger, et nous t\u2019avons accueilli ? <br>\ntu \u00e9tais nu, et nous t\u2019avons habill\u00e9 ? <br>\ntu \u00e9tais malade ou en prison&#8230;&nbsp;<\/em><\/p>\n\n\n\n<p><em>Quand sommes-nous venus jusqu\u2019\u00e0 toi ?\u2019&nbsp;<\/em><\/p>\n\n\n\n<p><em>Et le Roi leur r\u00e9pondra : <br>\n\u2018Amen, je vous le dis : <br>\nchaque fois que vous l\u2019avez fait \u00e0 l\u2019un de ces plus petits de mes fr\u00e8res, <br>\nc\u2019est \u00e0 moi que vous l\u2019avez fait.\u2019&nbsp;<\/em><\/p>\n\n\n\n<p><em>Alors il dira \u00e0 ceux qui seront \u00e0 sa gauche :&nbsp;<\/em><\/p>\n\n\n\n<p><em>\u2018Allez-vous-en loin de moi, vous les maudits, <br>\ndans le feu \u00e9ternel pr\u00e9par\u00e9 pour le diable et ses anges.&nbsp;<\/em><\/p>\n\n\n\n<p><em>Car j\u2019avais faim, et vous ne m\u2019avez pas donn\u00e9 \u00e0 manger ; <br>\nj\u2019avais soif, et vous ne m\u2019avez pas donn\u00e9 \u00e0 boire ; <br>\nj\u2019\u00e9tais un \u00e9tranger, et vous ne m\u2019avez pas accueilli ; <br>\nj\u2019\u00e9tais nu, et vous ne m\u2019avez pas habill\u00e9 ; <br>\nj\u2019\u00e9tais malade et en prison, et vous ne m\u2019avez pas visit\u00e9.\u2019&nbsp;<\/em><\/p>\n\n\n\n<p><em>Alors ils r\u00e9pondront, eux aussi : <br>\n\u2018Seigneur, quand t\u2019avons-nous vu <br>\navoir faim, avoir soif, \u00eatre nu, \u00e9tranger, malade ou en prison, <br>\nsans nous mettre \u00e0 ton service ?\u2019&nbsp;<\/em><\/p>\n\n\n\n<p><em>Il leur r\u00e9pondra :&nbsp;<\/em><\/p>\n\n\n\n<p><em>\u2018Amen, je vous le dis : <br>\nchaque fois que vous ne l\u2019avez pas fait \u00e0 l\u2019un de ces plus petits, <br>\nc\u2019est \u00e0 moi que vous ne l\u2019avez pas fait.\u2019&nbsp;<\/em><\/p>\n\n\n\n<p><em>Et ils s\u2019en iront, ceux-ci au ch\u00e2timent \u00e9ternel, et les justes, \u00e0 la vie \u00e9ternelle. \u00bb&nbsp;<\/em><\/p>\n\n\n\n<p>Acclamons la Parole de Dieu.<\/p>\n\n\n\n<p>D\u00e9cid\u00e9ment, J\u00e9sus emploie des images fortes dans ce chapitre 25 de S Matthieu, des images faites pour choquer &nbsp;:&nbsp; 10 jeunes filles un peu insouciantes qui sont refus\u00e9es dans la salle des noces (dimanche 8 novembre), un pauvre serviteur un peu effray\u00e9 par la t\u00e2che qui se retrouve en enfer (dimanche 15 novembre), et ici on a l\u2019impression qu\u2019il y a une bonne moiti\u00e9 de l\u2019humanit\u00e9 qui est envoy\u00e9e r\u00f4tir en enfer&nbsp;!&nbsp;<\/p>\n\n\n\n<p>Ces trois paraboles insistent donc sur la responsabilit\u00e9 de chacun devant sa vocation d\u2019humain.<\/p>\n\n\n\n<p>La sc\u00e8ne du Jugement Dernier invite au choix entre deux comportements&nbsp;:&nbsp; le soin g\u00e9n\u00e9reux du plus petit ou le repliement sur soi \u00e9go\u00efste. Il s\u2019agit d\u2019un jugement sur des attitudes et non pas sur des personnes.<\/p>\n\n\n\n<p>D\u2019ailleurs, rarissimes sont les personnes qui n\u2019ont jamais donn\u00e9 \u00e0 manger \u00e0 un pauvre&nbsp;;&nbsp;et aussi rarissimes sont les personnes qui n\u2019ont jamais refus\u00e9 de donner \u00e0 manger \u00e0 un pauvre.<\/p>\n\n\n\n<p>Par contre, nous constatons que le projet de Dieu que J\u00e9sus, Roi de l\u2019univers, r\u00e9alise, c\u2019est de nous faire rois avec lui&nbsp;:&nbsp; \u00ab&nbsp;recevez en h\u00e9ritage le Royaume pr\u00e9par\u00e9 pour vous depuis la fondation du monde&nbsp;\u00bb!&nbsp;<\/p>\n\n\n\n<p>Pour vous \u00e9viter de faire une lecture trop culpabilisante de cet Evangile, je vous propose de vous mettre dans la situation de J\u00e9sus qui a \u00e9t\u00e9 affam\u00e9, assoiff\u00e9, nu, \u00e9tranger, malade ou prisonnier. Chacun de nous peut se rem\u00e9morer un \u00e9pisode de sa vie o\u00f9 il a \u00e9t\u00e9 dans le besoin d\u2019aide&nbsp;:&nbsp; qui s\u2019est rendu pr\u00e9sent pour soulager la peine de ce passage difficile de notre vie &nbsp;? C\u2019est cette personne que J\u00e9sus appelle \u00e0 partager sa gloire, en raison de son geste de soutien dont vous avez b\u00e9n\u00e9fici\u00e9 .<\/p>\n\n\n\n<p><strong>La chapelle reste ouverte du mardi au dimanche de 8h30 \u00e0 19h30<\/strong><\/p>\n\n\n\n<p>Nous ne pouvons toujours pas. nous r\u00e9unir physiquement dans la chapelle pour c\u00e9l\u00e9brer. Mais vous savez que la Messe y est c\u00e9l\u00e9br\u00e9e chaque jour \u00e0 8h sans assembl\u00e9e. Vous pouvez ainsi vous unir de coeur et de pri\u00e8re \u00e0 cette c\u00e9l\u00e9bration.<\/p>\n\n\n\n<p>Pendant la suite du confinement, je me propose d\u2019exposer le saint &lt;sacrement chaque mercredi de 18h30 \u00e0 19h30.&nbsp;<\/p>\n\n\n\n<p><strong>Le partage biblique de jeudi soir \u00e0 19h30<\/strong><\/p>\n\n\n\n<p>Voici le lien avec la rencontre en visioconf\u00e9rence de jeudi prochain \u00e0 19h30:&nbsp;<\/p>\n\n\n\n<figure class=\"wp-block-embed\"><div class=\"wp-block-embed__wrapper\">\nhttps:\/\/us02web.zoom.us\/j\/87078230564?pwd=cG9GSVVXWmxuc2RrSldtVFRNUlpMZz09\n<\/div><\/figure>\n\n\n\n<p>ID de r\u00e9union&nbsp;: 870 7823 0564<\/p>\n\n\n\n<p>Code secret&nbsp;: 111598<\/p>\n\n\n\n<p><strong>La Messe de dimanche prochain 22 novembre \u00e0 10h45<\/strong><\/p>\n\n\n\n<p>et celui pour la Messe de dimanche prochain 22 novembre:&nbsp;<\/p>\n\n\n\n<figure class=\"wp-block-embed\"><div class=\"wp-block-embed__wrapper\">\nhttps:\/\/us02web.zoom.us\/j\/88110530144?pwd=RDdIbW5JMnhUTy96SEhVTmtJUmRjdz09\n<\/div><\/figure>\n\n\n\n<p>ID de r\u00e9union&nbsp;: 881 1053 0144<\/p>\n\n\n\n<p>Code secret&nbsp;: 663088<\/p>\n\n\n\n<p>Il ne faut rien rel\u00e2cher de la lutte contre le virus, m\u00eame si on commence \u00e0 avoir des indices favorables&nbsp;!&nbsp;&nbsp;<\/p>\n\n\n\n<p>Les chr\u00e9tiens s-doivent se montrer exemplaires pour apporter leur contribution \u00e0 ce combat, m\u00eame si cela co\u00fbte de ne pouvoir se r\u00e9unir et de rester confin\u00e9s.<\/p>\n\n\n\n<p>Continuons aussi de veiller sur nos voisins et nos proches, surtout le plus seuls.<\/p>\n\n\n\n<p>Bon confinement avec le Seigneur&nbsp;!&nbsp;&nbsp;<\/p>\n\n\n\n<p>Fraternellement.<br><\/p>\n\n\n\n<figure class=\"wp-block-image\"><img decoding=\"async\" src=\"https:\/\/www.notredamedelaconfiance.fr\/wp-content\/uploads\/2020\/11\/jugement-dernier-ND-de-Paris.jpg\" alt=\"\" class=\"wp-image-757\"\/><\/figure>\n\n\n\n<figure class=\"wp-block-image\"><img decoding=\"async\" src=\"https:\/\/www.notredamedelaconfiance.fr\/wp-content\/uploads\/2020\/11\/jugement-dernier-trait.jpg\" alt=\"\" class=\"wp-image-758\"\/><\/figure>\n","protected":false},"excerpt":{"rendered":"<p>Bonjour \u00e0 tous. Tout d\u2019abord, un grand merci, pour l\u2019aide alimentaire que vous avez apport\u00e9e la semaine derni\u00e8re. Dimanche dernier , plus de trente familles ont pu recevoir un colis bienvenu et rencontrer des b\u00e9n\u00e9voles du Secours Catholique ou de la paroisse pour faire le point sur leurs droits et trouver des voies de sortie [&hellip;]<\/p>\n","protected":false},"author":4,"featured_media":0,"comment_status":"closed","ping_status":"open","sticky":false,"template":"","format":"standard","meta":{"footnotes":""},"categories":[1],"tags":[],"class_list":["post-759","post","type-post","status-publish","format-standard","hentry","category-info"],"_links":{"self":[{"href":"https:\/\/www.notredamedelaconfiance.fr\/index.php\/wp-json\/wp\/v2\/posts\/759","targetHints":{"allow":["GET"]}}],"collection":[{"href":"https:\/\/www.notredamedelaconfiance.fr\/index.php\/wp-json\/wp\/v2\/posts"}],"about":[{"href":"https:\/\/www.notredamedelaconfiance.fr\/index.php\/wp-json\/wp\/v2\/types\/post"}],"author":[{"embeddable":true,"href":"https:\/\/www.notredamedelaconfiance.fr\/index.php\/wp-json\/wp\/v2\/users\/4"}],"replies":[{"embeddable":true,"href":"https:\/\/www.notredamedelaconfiance.fr\/index.php\/wp-json\/wp\/v2\/comments?post=759"}],"version-history":[{"count":1,"href":"https:\/\/www.notredamedelaconfiance.fr\/index.php\/wp-json\/wp\/v2\/posts\/759\/revisions"}],"predecessor-version":[{"id":760,"href":"https:\/\/www.notredamedelaconfiance.fr\/index.php\/wp-json\/wp\/v2\/posts\/759\/revisions\/760"}],"wp:attachment":[{"href":"https:\/\/www.notredamedelaconfiance.fr\/index.php\/wp-json\/wp\/v2\/media?parent=759"}],"wp:term":[{"taxonomy":"category","embeddable":true,"href":"https:\/\/www.notredamedelaconfiance.fr\/index.php\/wp-json\/wp\/v2\/categories?post=759"},{"taxonomy":"post_tag","embeddable":true,"href":"https:\/\/www.notredamedelaconfiance.fr\/index.php\/wp-json\/wp\/v2\/tags?post=759"}],"curies":[{"name":"wp","href":"https:\/\/api.w.org\/{rel}","templated":true}]}}