{"id":764,"date":"2020-11-24T12:11:40","date_gmt":"2020-11-24T11:11:40","guid":{"rendered":"https:\/\/www.notredamedelaconfiance.fr\/?p=764"},"modified":"2020-11-24T12:11:40","modified_gmt":"2020-11-24T11:11:40","slug":"la-chapelle-notre-dame-de-la-confiance-se-familiarise-avec-la-parole-de-dieu-7","status":"publish","type":"post","link":"https:\/\/www.notredamedelaconfiance.fr\/index.php\/2020\/11\/24\/la-chapelle-notre-dame-de-la-confiance-se-familiarise-avec-la-parole-de-dieu-7\/","title":{"rendered":"La chapelle Notre Dame de la Confiance se familiarise avec la Parole de Dieu &#8211; 7"},"content":{"rendered":"\n<p>Bonjour \u00e0 tous.<\/p>\n\n\n\n<p>Le confinement alli\u00e9 au respect des r\u00e8gles barri\u00e8res semblent commencer \u00e0 porter du fruit contre le virus. Bravo \u00e0 tous ceux qui acceptent les inconv\u00e9nient et la p\u00e9nibilit\u00e9 de ces disciplines pour soutenir cet effort collectif malgr\u00e9 le manque de visibilit\u00e9 que vous subissons tous. Il faut continuer \u00e0 suivre scrupuleusement les consignes qui nous seront donn\u00e9es pour achever le combat qui. n\u2019est pas encore victorieux.<\/p>\n\n\n\n<p>Ce soir, le Pr\u00e9sident Macron donnera des indications \u00e0 la nation&nbsp;;&nbsp; la traduction de ces nouvelles directives concernant l\u2019exercice des colts ne sera probablement pas connue avant jeudi.&nbsp;<\/p>\n\n\n\n<p>C\u2019est donc dans mon prochain mail que je pourrai vous dire comment la chapelle pourras s\u2019organiser pour l\u2019avant et No\u00ebl.<\/p>\n\n\n\n<p>En attendant, pr\u00e9parons-nous \u00e0 c\u00e9l\u00e9brer l\u2019incarnation du Verbe de Dieu dans la personne de J\u00e9sus en ouvrant notre Bible tout au long de cet avent.<\/p>\n\n\n\n<p>4 dimanches de l\u2019Avent, ann\u00e9e B&nbsp;:&nbsp; Veillez&nbsp;!&nbsp; Pr\u00e9parez&nbsp;!&nbsp; T\u00e9moignez&nbsp;!&nbsp; Accueillez&nbsp;!&nbsp;<\/p>\n\n\n\n<p>Contrairement aux dimanches du temps ordinaire, les deuxi\u00e8mes lectures ne sont plus des lectures suivies de lettres de Paul, mais elles sont choisies en unit\u00e9 avec les autres pour \u00e9clairer une intention commune du dimanche que j\u2019ai r\u00e9sum\u00e9e par les quatre appels ci-dessus.<\/p>\n\n\n\n<p>Je vous propose donc une nouvelle r\u00e9partition des textes sur les deux mails de mardi et de jeudi.<\/p>\n\n\n\n<p>Aujourd\u2019hui, mardi, commen\u00e7ons par \u00e9couter la 1<sup>\u00e8re<\/sup> lecture du Livre d\u2019Isa\u00efe et le Psaume 79 qui lui fait \u00e9cho.<\/p>\n\n\n\n<p><strong>Ouvrons notre Bible<\/strong><\/p>\n\n\n\n<p>Lecture du Livre du Proph\u00e8te Isa\u00efe (Is 63, 16b-17.19b ; 64, 2b-7)<\/p>\n\n\n\n<p><em>C\u2019est toi, Seigneur, notre p\u00e8re ; <br>\n\u00ab Notre-r\u00e9dempteur-depuis-toujours \u00bb, tel est ton nom.&nbsp;<\/em><\/p>\n\n\n\n<p><em>Pourquoi, Seigneur, nous laisses-tu errer hors de tes chemins ? <br>\nPourquoi laisser nos c\u0153urs s\u2019endurcir et ne plus te craindre ?&nbsp;<\/em><\/p>\n\n\n\n<p><em>Reviens, \u00e0 cause de tes serviteurs, des tribus de ton h\u00e9ritage.&nbsp;<\/em><\/p>\n\n\n\n<p><em>Ah ! Si tu d\u00e9chirais les cieux, si tu descendais, <br>\nles montagnes seraient \u00e9branl\u00e9es devant ta face.&nbsp;<\/em><\/p>\n\n\n\n<p><em>Voici que tu es descendu : les montagnes furent \u00e9branl\u00e9es devant ta face.&nbsp;<\/em><\/p>\n\n\n\n<p><em>Jamais on n\u2019a entendu, jamais on n\u2019a ou\u00ef dire, <br>\nnul \u0153il n\u2019a jamais vu un autre dieu que toi agir ainsi pour celui qui l\u2019attend.&nbsp;<\/em><\/p>\n\n\n\n<p><em>Tu viens rencontrer celui qui pratique avec joie la justice, <br>\nqui se souvient de toi en suivant tes chemins.&nbsp;<\/em><\/p>\n\n\n\n<p><em>Tu \u00e9tais irrit\u00e9, mais nous avons encore p\u00e9ch\u00e9, et nous nous sommes \u00e9gar\u00e9s.&nbsp;<\/em><\/p>\n\n\n\n<p><em>Tous, nous \u00e9tions comme des gens impurs, <br>\net tous nos actes justes n\u2019\u00e9taient que linges souill\u00e9s.&nbsp;<\/em><\/p>\n\n\n\n<p><em>Tous, nous \u00e9tions dess\u00e9ch\u00e9s comme des feuilles, <br>\net nos fautes, comme le vent, nous emportaient.&nbsp;<\/em><\/p>\n\n\n\n<p><em>Personne n\u2019invoque plus ton nom, nul ne se r\u00e9veille pour prendre appui sur toi.&nbsp;<\/em><\/p>\n\n\n\n<p><em>Car tu nous as cach\u00e9 ton visage, tu nous as livr\u00e9s au pouvoir de nos fautes.&nbsp;<\/em><\/p>\n\n\n\n<p><em>Mais maintenant, Seigneur, c\u2019est toi notre p\u00e8re.&nbsp;<\/em><\/p>\n\n\n\n<p><em>Nous sommes l\u2019argile, c\u2019est toi qui nous fa\u00e7onnes : <br>\nnous sommes tous l\u2019ouvrage de ta main.<\/em><\/p>\n\n\n\n<p>Parole du Seigneur.<\/p>\n\n\n\n<p>Remarquons tout d\u2019abord d\u2019o\u00f9 provient ce passage&nbsp;:&nbsp; les chapitres 63 et 64 du Proph\u00e8te Isa\u00efe.<\/p>\n\n\n\n<p>Dans la Bible, le proph\u00e8te le plus abondant est Isa\u00efe, plac\u00e9 en t\u00eate des proph\u00e8tes \u00e0 cause de sa taille.<\/p>\n\n\n\n<p>En r\u00e9alit\u00e9, ce qui est r\u00e9uni dans ce livre unique est une collection d\u2019enseignements et d\u2019interventions qui proviennent d\u2019\u00e9poques diff\u00e9rentes&nbsp;:&nbsp; les chapitres 1 \u00e0 39 sont grosso modo du VIII\u00b0 si\u00e8cle avant J\u00e9sus-Christ, le chapitres 40 \u00e0 55 sont d\u2019un deuxi\u00e8me Isa\u00efe, disciple du premier au VI\u00b0 si\u00e8cle avant J\u00e9sus-Christ. Les chapitres 56 \u00e0 66, parfois attribu\u00e9s \u00e0 un 3<sup>\u00e8me<\/sup> Isa\u00efe sont plus disparates. Notre extrait d\u2019aujourd\u2019hui date&nbsp; probablement devant l\u2019exil \u00e0 Babylone en -598.<\/p>\n\n\n\n<p>Remarquez aussi que le passage qui nous est offert ce dimanche est le d\u00e9coupage d\u2019un texte plus long dans la Bible&nbsp;:&nbsp; il manque les versets 16cd, 18 du chapitre 63 et les versets 1 et 2a du chapitre 64. C\u2019est toujours int\u00e9ressant d\u2019aller voir dans sa Bible les versets manquants et les versets qui pr\u00e9c\u00e8dent et qui suivent une s\u00e9lection propos\u00e9e pour un dimanche. Bon voyage dans votre Bible&nbsp;!&nbsp;&nbsp;<\/p>\n\n\n\n<p>Remarquez enfin le basculent spectaculaire entre la plainte&nbsp;:&nbsp; \u00ab&nbsp;Ah&nbsp;!&nbsp; Si tu d\u00e9chirais les cieux et su tu descendais!&nbsp;\u00bb et l\u2019\u00e9merveillement&nbsp;:&nbsp; \u00ab&nbsp;Voici que tu es descendu&nbsp;!&nbsp;&nbsp;\u00bb<\/p>\n\n\n\n<p>Vous pouvez, \u00e0 pr\u00e9sent faire les trois lectures successives&nbsp;:&nbsp;<\/p>\n\n\n\n<ol class=\"wp-block-list\"><li>lecture pour \u00e9couter ce que dit ce texte,<\/li><li>lecture pour \u00e9couter commet il m\u2019interpelle personnellement,<\/li><li>lecture pour susciter ma pri\u00e8re en r\u00e9ponse \u00e0 la Parole que Dieu m\u2019a adress\u00e9e.<\/li><\/ol>\n\n\n\n<p>Dans la foul\u00e9e, vous pouvez aborder le Psaume qui fait \u00e9cho \u00e0 cette lecture d\u2019Isa\u00efe&nbsp;:&nbsp;&nbsp;<\/p>\n\n\n\n<p>Psaume (79 (80), 2ac.3bc, 15-16a, 18-19)<\/p>\n\n\n\n<p><strong><em>R\/ Dieu, fais-nous revenir ;<\/em><\/strong><strong><em>que ton visage s\u2019\u00e9claire,<\/em><\/strong><strong><em>et nous serons sauv\u00e9s &nbsp;!&nbsp;<\/em> <\/strong>(Ps 79, 4)<\/p>\n\n\n\n<p><em>Berger d\u2019Isra\u00ebl, \u00e9coute, <br>\nresplendis au-dessus des K\u00e9roubim !&nbsp;<\/em><\/p>\n\n\n\n<p><em>R\u00e9veille ta vaillance <br>\net viens nous sauver.&nbsp;<\/em><\/p>\n\n\n\n<p><em>Dieu de l\u2019univers, reviens ! <br>\nDu haut des cieux, regarde et vois :&nbsp;<\/em><\/p>\n\n\n\n<p><em>visite cette vigne, prot\u00e8ge-la, <br>\ncelle qu\u2019a plant\u00e9e ta main puissante.&nbsp;<\/em><\/p>\n\n\n\n<p><em>Que ta main soutienne ton prot\u00e9g\u00e9, <br>\nle fils de l\u2019homme qui te doit sa force.&nbsp;<\/em><\/p>\n\n\n\n<p><em>Jamais plus nous n\u2019irons loin de toi : <br>\nfais-nous vivre et invoquer ton nom !<\/em><\/p>\n\n\n\n<p>Comme assez souvent, les versets de Psaume qui sont propos\u00e9s le dimanche sont une s\u00e9lection dans un Psaume plus grand. Regardez la longueur de la r\u00e9f\u00e9rence et sa complexit\u00e9&nbsp;!&nbsp;&nbsp;<\/p>\n\n\n\n<p>J\u2019ai reproduit ici l\u2019antienne (ou -refrain indiqu\u00e9 \u2018R\/\u2018) car il s\u2019agit d\u2019un verset m\u00eame du Psaume, ce qui n\u2019est pas toujours le cas.<\/p>\n\n\n\n<p>Permettez-moi d\u2019en rajouter&nbsp;:&nbsp; le verset 1, absent de notre dimanche dit ceci&nbsp;:&nbsp; <br>\n\u00ab&nbsp;<em>Du ma\u00eetre de chant. Sur l\u2019air&nbsp;:&nbsp; \u00ab&nbsp;Des lys sont les pr\u00e9ceptes&nbsp;\u00bb. d\u2019Asaph. Psaume.<\/em>&nbsp;\u00bb<\/p>\n\n\n\n<p>C\u2019est donc un Psaume attribu\u00e9 non pas \u00e0 David comme la plupart des Psaumes, mais \u00e0 Asaph, un auteur liturgique du Temple de J\u00e9rusalem. Remarquez aussi l\u2019indication pour le chant qui devait \u00eatre bien connue \u00e0 l\u2019\u00e9poque du Temple mais qui nous est irr\u00e9m\u00e9diablement perdue. Saluons, au passage, le d\u00e9vouement des animatrices de chants de nos messes qui nous aident \u00e0 prier et c\u00e9l\u00e9brer.<\/p>\n\n\n\n<p>Vous pouvez retenir une ligne de ce Psaume et en faire votre m\u00e9ditation.<\/p>\n\n\n\n<p>Vous pouvez aussi prolonger ce Psaume en \u00e9crivant votre propre pri\u00e8re inspir\u00e9e par ces versets.<\/p>\n\n\n\n<p>Je vous donne rendez-vous jeudi dans la journ\u00e9e pour un nouveau mail portant sur la 2<sup>\u00e8me<\/sup> lecture et sur l\u2019Evangile.<\/p>\n\n\n\n<p>je vous donne rendez-vous jeudi soir \u00e0 19h30 pour un partage Zoom sur la 1<sup>\u00e8re<\/sup> lecture du livre d\u2019Isa\u00efe.<\/p>\n\n\n\n<p><strong>Le partage biblique de jeudi soir \u00e0 19h30<\/strong><\/p>\n\n\n\n<p>Voici le lien avec la rencontre en visioconf\u00e9rence de jeudi prochain \u00e0 19h30:&nbsp;<\/p>\n\n\n\n<figure class=\"wp-block-embed\"><div class=\"wp-block-embed__wrapper\">\nhttps:\/\/us02web.zoom.us\/j\/87078230564?pwd=cG9GSVVXWmxuc2RrSldtVFRNUlpMZz09\n<\/div><\/figure>\n\n\n\n<p>ID de r\u00e9union&nbsp;: 870 7823 0564<\/p>\n\n\n\n<p>Code secret&nbsp;: 111598<\/p>\n\n\n\n<p><strong>La Messe de dimanche prochain 29 novembre \u00e0 10h45<\/strong><\/p>\n\n\n\n<p>et celui pour la Messe de dimanche prochain 29 novembre:&nbsp;<\/p>\n\n\n\n<figure class=\"wp-block-embed\"><div class=\"wp-block-embed__wrapper\">\nhttps:\/\/us02web.zoom.us\/j\/88110530144?pwd=RDdIbW5JMnhUTy96SEhVTmtJUmRjdz09\n<\/div><\/figure>\n\n\n\n<p>ID de r\u00e9union&nbsp;: 881 1053 0144<\/p>\n\n\n\n<p>Code secret&nbsp;: 663088<\/p>\n\n\n\n<p>Dimanche dernier, nous avons appris le d\u00e9c\u00e8s de Colette Le Guisquet quelques minutes avant le d\u00e9but de la Messe.<\/p>\n\n\n\n<p>Elle souffrait depuis tr\u00e8s longtemps de la maladie de Parkinson. Mais, ces derniers temps, elle \u00e9tait aussi atteinte d\u2019un cancer qui l\u2019a emport\u00e9e. Elle est d\u00e9c\u00e9d\u00e9e \u00e0 la Maison Jeanne Garnier dans le XV\u00b0 arrondissement.<\/p>\n\n\n\n<p>Avec son mari G\u00e9rard, elle a apport\u00e9 une tr\u00e8s grande force de foi , de fraternit\u00e9 et de soutien \u00e0 la communaut\u00e9 de la chapelle.<\/p>\n\n\n\n<p>A l\u2019heure o\u00f9 je vous \u00e9cris, je ne sais encore ni o\u00f9 ni quand auront lieu ses obs\u00e8ques.&nbsp;<\/p>\n\n\n\n<p>Notre pri\u00e8re pour elle, pour G\u00e9rard et leurs enfants doit \u00eatre pleine de gratitude et de confiance.<\/p>\n\n\n\n<p>Fraternellement.<br><\/p>\n\n\n\n<figure class=\"wp-block-image\"><img decoding=\"async\" src=\"https:\/\/www.notredamedelaconfiance.fr\/wp-content\/uploads\/2020\/11\/Ah_si_tu_d\u00e9chirais_les_cieux-Michel-Gigon-1993-683x1024.jpg\" alt=\"\" class=\"wp-image-763\"\/><\/figure>\n\n\n\n<figure class=\"wp-block-image\"><img decoding=\"async\" src=\"https:\/\/www.notredamedelaconfiance.fr\/wp-content\/uploads\/2020\/11\/lampe-allum\u00e9e-1024x826.jpg\" alt=\"\" class=\"wp-image-762\"\/><\/figure>\n","protected":false},"excerpt":{"rendered":"<p>Bonjour \u00e0 tous. Le confinement alli\u00e9 au respect des r\u00e8gles barri\u00e8res semblent commencer \u00e0 porter du fruit contre le virus. Bravo \u00e0 tous ceux qui acceptent les inconv\u00e9nient et la p\u00e9nibilit\u00e9 de ces disciplines pour soutenir cet effort collectif malgr\u00e9 le manque de visibilit\u00e9 que vous subissons tous. Il faut continuer \u00e0 suivre scrupuleusement les [&hellip;]<\/p>\n","protected":false},"author":4,"featured_media":0,"comment_status":"closed","ping_status":"open","sticky":false,"template":"","format":"standard","meta":{"footnotes":""},"categories":[1],"tags":[],"class_list":["post-764","post","type-post","status-publish","format-standard","hentry","category-info"],"_links":{"self":[{"href":"https:\/\/www.notredamedelaconfiance.fr\/index.php\/wp-json\/wp\/v2\/posts\/764","targetHints":{"allow":["GET"]}}],"collection":[{"href":"https:\/\/www.notredamedelaconfiance.fr\/index.php\/wp-json\/wp\/v2\/posts"}],"about":[{"href":"https:\/\/www.notredamedelaconfiance.fr\/index.php\/wp-json\/wp\/v2\/types\/post"}],"author":[{"embeddable":true,"href":"https:\/\/www.notredamedelaconfiance.fr\/index.php\/wp-json\/wp\/v2\/users\/4"}],"replies":[{"embeddable":true,"href":"https:\/\/www.notredamedelaconfiance.fr\/index.php\/wp-json\/wp\/v2\/comments?post=764"}],"version-history":[{"count":1,"href":"https:\/\/www.notredamedelaconfiance.fr\/index.php\/wp-json\/wp\/v2\/posts\/764\/revisions"}],"predecessor-version":[{"id":765,"href":"https:\/\/www.notredamedelaconfiance.fr\/index.php\/wp-json\/wp\/v2\/posts\/764\/revisions\/765"}],"wp:attachment":[{"href":"https:\/\/www.notredamedelaconfiance.fr\/index.php\/wp-json\/wp\/v2\/media?parent=764"}],"wp:term":[{"taxonomy":"category","embeddable":true,"href":"https:\/\/www.notredamedelaconfiance.fr\/index.php\/wp-json\/wp\/v2\/categories?post=764"},{"taxonomy":"post_tag","embeddable":true,"href":"https:\/\/www.notredamedelaconfiance.fr\/index.php\/wp-json\/wp\/v2\/tags?post=764"}],"curies":[{"name":"wp","href":"https:\/\/api.w.org\/{rel}","templated":true}]}}