{"id":768,"date":"2020-11-28T11:53:51","date_gmt":"2020-11-28T10:53:51","guid":{"rendered":"https:\/\/www.notredamedelaconfiance.fr\/?p=768"},"modified":"2020-11-28T12:04:03","modified_gmt":"2020-11-28T11:04:03","slug":"messe-dentree-en-avent-avec-lassemblee","status":"publish","type":"post","link":"https:\/\/www.notredamedelaconfiance.fr\/index.php\/2020\/11\/28\/messe-dentree-en-avent-avec-lassemblee\/","title":{"rendered":"Messe d&rsquo;entr\u00e9e en Avent avec l&rsquo;assembl\u00e9e !"},"content":{"rendered":"\n<p>Bonjour \u00e0 tous.<\/p>\n\n\n\n<p>Quel soulagement de pouvoir \u00e0 nouveau faire assembl\u00e9e pour c\u00e9l\u00e9brer l&rsquo;Eucharistie du dimanche !<\/p>\n\n\n\n<p>Il reste&nbsp;une contrainte importante&nbsp;car nous ne pouvons \u00eatre plus de 30 dans la chapelle&nbsp;pour chaque&nbsp;Messe.<\/p>\n\n\n\n<p>C&rsquo;est pourquoi&nbsp;j&rsquo;invite ceux qui le peuvent \u00e0 penser \u00e0 la Messe de ce samedi&nbsp;soir \u00e0 18h, habituellement moins nombreuse que le dimanche,&nbsp;afin d&rsquo;\u00e9quilibrer&nbsp;nos participations set qu&rsquo;on puisse accueillir tout le monde dans la limite de 30 personnes.<\/p>\n\n\n\n<p>Cependant la transmission par Zoom de la Messe de dimanche \u00e0 10h45 est maintenue encore quelques dimanches.Vous pouvez vous y joindre par le lien suivant :\u00a0<br><a rel=\"noreferrer noopener\" href=\"https:\/\/www.google.com\/url?q=https:\/\/us02web.zoom.us\/j\/88110530144?pwd%3DRDdIbW5JMnhUTy96SEhVTmtJUmRjdz09&amp;sa=D&amp;source=calendar&amp;usd=2&amp;usg=AOvVaw3MMAIqGSUvsAqICRPBlEPu\" target=\"_blank\">https:\/\/us02web.zoom.us\/j\/88110530144?pwd=RDdIbW5JMnhUTy96SEhVTmtJUmRjdz09<\/a> ID de r\u00e9union\u00a0: 881 1053 0144 Code secret\u00a0: 663088<\/p>\n\n\n\n<p>Je vous joins la Neuvaine de pri\u00e8re pour demander au Seigneur de nous d\u00e9livrer du mal de la Pand\u00e9mie.<\/p>\n\n\n\n<figure class=\"wp-block-embed\"><div class=\"wp-block-embed__wrapper\">\nhttps:\/\/www.paris.catholique.fr\/neuvaine-de-priere-pour-demander.html\n<\/div><\/figure>\n\n\n\n<p>C&rsquo;est une initiative de notre archev\u00eaque, Mgr Michel Aupetit, r\u00e9pondant \u00e0 une suggestion de plusieurs chr\u00e9tiens de Paris.<\/p>\n\n\n\n<p>En nous joignant \u00e0 cette Neuvaine du lundi 30 novembre au mardi 8 d\u00e9cembre (Immacul\u00e9e Cnc erpion), nous ferons monter vers le Seigneur une immense clameur confiante pour qu&rsquo;il nous d\u00e9livre de ce mal.<\/p>\n\n\n\n<p>Notons bien que si nous demandons au Seigneur d&rsquo;agir pour nous, cela r\u00e9clame de nous d&rsquo;\u00eatre particuli\u00e8rement actifs pour respecter les consignes et les gestes barri\u00e8res et nous soucier de ceux qui sont isol\u00e9s, malades ou en difficult\u00e9.<br>Bonne entr\u00e9e en Avent : Le Seigneur vient ! All\u00e9luia !<\/p>\n\n\n\n<p>Fraternellement.<\/p>\n\n\n\n<p>Fr Michel St\u0153ckel<\/p>\n","protected":false},"excerpt":{"rendered":"<p>Bonjour \u00e0 tous. Quel soulagement de pouvoir \u00e0 nouveau faire assembl\u00e9e pour c\u00e9l\u00e9brer l&rsquo;Eucharistie du dimanche ! Il reste&nbsp;une contrainte importante&nbsp;car nous ne pouvons \u00eatre plus de 30 dans la chapelle&nbsp;pour chaque&nbsp;Messe. C&rsquo;est pourquoi&nbsp;j&rsquo;invite ceux qui le peuvent \u00e0 penser \u00e0 la Messe de ce samedi&nbsp;soir \u00e0 18h, habituellement moins nombreuse que le dimanche,&nbsp;afin d&rsquo;\u00e9quilibrer&nbsp;nos [&hellip;]<\/p>\n","protected":false},"author":4,"featured_media":0,"comment_status":"closed","ping_status":"open","sticky":false,"template":"","format":"standard","meta":{"footnotes":""},"categories":[1],"tags":[],"class_list":["post-768","post","type-post","status-publish","format-standard","hentry","category-info"],"_links":{"self":[{"href":"https:\/\/www.notredamedelaconfiance.fr\/index.php\/wp-json\/wp\/v2\/posts\/768","targetHints":{"allow":["GET"]}}],"collection":[{"href":"https:\/\/www.notredamedelaconfiance.fr\/index.php\/wp-json\/wp\/v2\/posts"}],"about":[{"href":"https:\/\/www.notredamedelaconfiance.fr\/index.php\/wp-json\/wp\/v2\/types\/post"}],"author":[{"embeddable":true,"href":"https:\/\/www.notredamedelaconfiance.fr\/index.php\/wp-json\/wp\/v2\/users\/4"}],"replies":[{"embeddable":true,"href":"https:\/\/www.notredamedelaconfiance.fr\/index.php\/wp-json\/wp\/v2\/comments?post=768"}],"version-history":[{"count":2,"href":"https:\/\/www.notredamedelaconfiance.fr\/index.php\/wp-json\/wp\/v2\/posts\/768\/revisions"}],"predecessor-version":[{"id":774,"href":"https:\/\/www.notredamedelaconfiance.fr\/index.php\/wp-json\/wp\/v2\/posts\/768\/revisions\/774"}],"wp:attachment":[{"href":"https:\/\/www.notredamedelaconfiance.fr\/index.php\/wp-json\/wp\/v2\/media?parent=768"}],"wp:term":[{"taxonomy":"category","embeddable":true,"href":"https:\/\/www.notredamedelaconfiance.fr\/index.php\/wp-json\/wp\/v2\/categories?post=768"},{"taxonomy":"post_tag","embeddable":true,"href":"https:\/\/www.notredamedelaconfiance.fr\/index.php\/wp-json\/wp\/v2\/tags?post=768"}],"curies":[{"name":"wp","href":"https:\/\/api.w.org\/{rel}","templated":true}]}}