{"id":780,"date":"2020-12-01T11:34:30","date_gmt":"2020-12-01T10:34:30","guid":{"rendered":"https:\/\/www.notredamedelaconfiance.fr\/?p=780"},"modified":"2020-12-01T11:51:05","modified_gmt":"2020-12-01T10:51:05","slug":"la-chapelle-se-familiarise-avec-la-bible-9","status":"publish","type":"post","link":"https:\/\/www.notredamedelaconfiance.fr\/index.php\/2020\/12\/01\/la-chapelle-se-familiarise-avec-la-bible-9\/","title":{"rendered":"La Chapelle se familiarise avec la Bible -9"},"content":{"rendered":"\n<p>Bonjour \u00e0 tous.<\/p>\n\n\n\n<p>La lutte contre la pand\u00e9mie continue et elle nous demande de nous adapter fr\u00e9quemment aux consignes de notre combat collectif.<\/p>\n\n\n\n<p>Ainsi, dimanche dernier, nous pouvions nous r\u00e9unir \u00e0 nouveau mais dans des limites de nombre. Ce fut une grande joie de pouvoir nous retrouver en assembl\u00e9e vivante \u00e0 la chapelle.&nbsp;<\/p>\n\n\n\n<p>Dimanche prochain, les consignes auront \u00e9t\u00e9 am\u00e9lior\u00e9es, mais nous ne savons pas encore clairement dans quelles mesures. A suivre, donc.<\/p>\n\n\n\n<p>Avant d\u2019entrer dans les textes bibliques de dimanche prochain, je tiens \u00e0 saluer l\u2019engagement des b\u00e9n\u00e9voles qui ont r\u00e9alis\u00e9 la collecte pour la Banque Alimentaire dans les 4 magasins Franprix de notre quartier &nbsp;:&nbsp; 2,2 tonnes de nourriture ont \u00e9t\u00e9 r\u00e9colt\u00e9es qui vont \u00eatre redistribu\u00e9es aux associations d\u2019aide aux plus fragiles en Ile de France. Cette ann\u00e9e encore, malgr\u00e9 les restrictions de d\u00e9placement, la chapelle a \u00e9t\u00e9 au rendez-vous de cette solidarit\u00e9. Un remerciement particulier \u00e0 l\u2019\u00e9quipe qui a port\u00e9 cette op\u00e9ration&nbsp;:&nbsp; Martine, Michel et Marc.<\/p>\n\n\n\n<p><strong>Ouvrons la Bible<\/strong><\/p>\n\n\n\n<p>Je vous propose aujourd\u2019hui d\u2019\u00e9couter successivement la 1<sup>\u00e8re<\/sup> lecture d\u2019Isa\u00efe et l\u2019Evangile qui ont de nombreux points communs.<\/p>\n\n\n\n<p>Nous visiterons le Psaume et la lecture de la Lettre de Pierre dans le mail de jeudi.<\/p>\n\n\n\n<p>Lecture du Livre du Proph\u00e8te Isa\u00efe (Is 40, 1-5.9-11)<\/p>\n\n\n\n<p><em>Consolez, consolez mon peuple, <br>\n&nbsp;dit votre Dieu \u2013&nbsp;<\/em><\/p>\n\n\n\n<p><em>parlez au c\u0153ur de J\u00e9rusalem.&nbsp;<\/em><\/p>\n\n\n\n<p><em>Proclamez que son service est accompli, <br>\nque son crime est expi\u00e9, <br>\nqu\u2019elle a re\u00e7u de la main du Seigneur le double pour toutes ses fautes.&nbsp;<\/em><\/p>\n\n\n\n<p><em>Une voix proclame : <br>\n\u00ab Dans le d\u00e9sert, pr\u00e9parez le chemin du Seigneur ; <br>\ntracez droit, dans les terres arides, une route pour notre Dieu.&nbsp;<\/em><\/p>\n\n\n\n<p><em>Que tout ravin soit combl\u00e9, toute montagne et toute colline abaiss\u00e9es ! <br>\nque les escarpements se changent en plaine, et les sommets, en large vall\u00e9e !&nbsp;<\/em><\/p>\n\n\n\n<p><em>Alors se r\u00e9v\u00e9lera la gloire du Seigneur, <br>\net tout \u00eatre de chair verra que la bouche du Seigneur a parl\u00e9. \u00bb&nbsp;<\/em><\/p>\n\n\n\n<p><em>Monte sur une haute montagne, toi qui portes la bonne nouvelle \u00e0 Sion.&nbsp;<\/em><\/p>\n\n\n\n<p><em>\u00c9l\u00e8ve la voix avec force, toi qui portes la bonne nouvelle \u00e0 J\u00e9rusalem.&nbsp;<\/em><\/p>\n\n\n\n<p><em>\u00c9l\u00e8ve la voix, ne crains pas.&nbsp;<\/em><\/p>\n\n\n\n<p><em>Dis aux villes de Juda : <br>\n\u00ab Voici votre Dieu ! \u00bb&nbsp;<\/em><\/p>\n\n\n\n<p><em>Voici le Seigneur Dieu ! Il vient avec puissance ; son bras lui soumet tout.&nbsp;<\/em><\/p>\n\n\n\n<p><em>Voici le fruit de son travail avec lui, et devant lui, son ouvrage.&nbsp;<\/em><\/p>\n\n\n\n<p><em>Comme un berger, il fait pa\u00eetre son troupeau : <br>\nson bras rassemble les agneaux, il les porte sur son c\u0153ur, il m\u00e8ne les brebis qui allaitent.&nbsp;<\/em><\/p>\n\n\n\n<p>Parole du Seigneur.<\/p>\n\n\n\n<p>La semaine derni\u00e8re, nous recevions d\u00e9j\u00e0 un passage du Livre d\u2019Isa\u00efe et je vous signalais qu\u2019on distingue 3 parties dans ce livre. Aujourd\u2019hui, nous recevons le commencement de la deuxi\u00e8me partie, au chapitre 40, attribu\u00e9e \u00e0 un lointain disciple du Proph\u00e8te Isa\u00efe.&nbsp;<\/p>\n\n\n\n<p>Isa\u00efe parlait au XVIII\u00b0 si\u00e8cle avant J\u00e9sus-Christ&nbsp;;&nbsp; son disciple qu\u2019on nomme le 2<sup>\u00e8me<\/sup> Isa\u00efe &#8211; ou Deut\u00e9ro-Isa\u00efe- s\u2019adresse aux h\u00e9breux d\u00e9port\u00e9s \u00e0 Babylone (depuis -598), au moment o\u00f9 celle-ci commence \u00e0 vaciller sous les coups de Cyrus le Perse. Ce dernier va autoriser le retour des juifs \u00e0 J\u00e9rusalem en -538.<\/p>\n\n\n\n<p>Le 2<sup>\u00e8me<\/sup> Isa\u00efe sent que l\u2019exil va s\u2019achever par une d\u00e9livrance et il annonce donc la Consolation d\u2019Isra\u00ebl.<\/p>\n\n\n\n<p>C\u2019est pourquoi notre texte de dimanche commence par cette adresse lib\u00e9ratrice&nbsp;:&nbsp; \u00ab&nbsp;Consolez&nbsp;!&nbsp; Consolez mon peuple!&nbsp;\u00bb<\/p>\n\n\n\n<p>Les isra\u00e9lites d\u00e9port\u00e9s avaient d\u00fb ob\u00e9ir \u00e0 des travaux harassants et humiliants lors de leur d\u00e9portation&nbsp;:&nbsp; pr\u00e9parer des routes magnifiques pour le cort\u00e8ge triomphal du roi de Babylone et les statues de ses dieux. Dieu, le vrai, avait-il donc abandonn\u00e9 son peuple du fait de ses trop nombreuses infid\u00e9lit\u00e9s&nbsp;?&nbsp;<\/p>\n\n\n\n<p>Le 2<sup>\u00e8me<\/sup>-Isa\u00efe leur annonce que leur Dieu, le vrai et l\u2019unique, consid\u00e8re qu\u2019ils ont assez \u00e9t\u00e9 punis par leurs fautes et les ram\u00e8ne chez eux bient\u00f4t.<\/p>\n\n\n\n<p>L\u2019Evangile de ce 2<sup>\u00e8me<\/sup> dimanche de l\u2019Avent fait \u00e9cho \u00e0 ce passage d\u2019Isa\u00efe, notamment par la reprise de la phrase&nbsp;:&nbsp; \u00ab&nbsp;Voix de celui qui crie dans le d\u00e9sert&nbsp;:&nbsp; pr\u00e9parez le chemin du Seigneur!&nbsp;\u00bb<\/p>\n\n\n\n<p>\u00c9vangile de J\u00e9sus-Christ selon Saint Marc (Mc 1, 1-8)<\/p>\n\n\n\n<p><em>Commencement de l\u2019\u00c9vangile de J\u00e9sus, Christ, Fils de Dieu.&nbsp;<\/em><\/p>\n\n\n\n<p><em>Il est \u00e9crit dans Isa\u00efe, le proph\u00e8te : <br>\nVoici que j\u2019envoie mon messager en avant de toi, pour ouvrir ton chemin.&nbsp;<\/em><\/p>\n\n\n\n<p><em>Voix de celui qui crie dans le d\u00e9sert : <br>\nPr\u00e9parez le chemin du Seigneur, rendez droits ses sentiers.&nbsp;<\/em><\/p>\n\n\n\n<p><em>Alors Jean, celui qui baptisait, parut dans le d\u00e9sert.&nbsp;<\/em><\/p>\n\n\n\n<p><em>Il proclamait un bapt\u00eame de conversion pour le pardon des p\u00e9ch\u00e9s.&nbsp;<\/em><\/p>\n\n\n\n<p><em>Toute la Jud\u00e9e, tous les habitants de J\u00e9rusalem se rendaient aupr\u00e8s de lui, <br>\net ils \u00e9taient baptis\u00e9s par lui dans le Jourdain, <br>\nen reconnaissant publiquement leurs p\u00e9ch\u00e9s.&nbsp;<\/em><\/p>\n\n\n\n<p><em>Jean \u00e9tait v\u00eatu de poil de chameau, avec une ceinture de cuir autour des reins ; <br>\nil se nourrissait de sauterelles et de miel sauvage.&nbsp;<\/em><\/p>\n\n\n\n<p><em>Il proclamait : <br>\n\u00ab Voici venir derri\u00e8re moi celui qui est plus fort que moi ; <br>\nje ne suis pas digne de m\u2019abaisser pour d\u00e9faire la courroie de ses sandales.&nbsp;<\/em><\/p>\n\n\n\n<p><em>Moi, je vous ai baptis\u00e9s avec de l\u2019eau ; <br>\nlui vous baptisera dans l\u2019Esprit Saint. \u00bb&nbsp;<\/em><\/p>\n\n\n\n<p>Acclamons la Parole de Dieu.<\/p>\n\n\n\n<p>Contrairement \u00e0 Matthieu et Luc, l\u2019Evangile de Marc ne s\u2019int\u00e9resse pas \u00e0 la naissance ou l\u2019enfance de J\u00e9sus. Le verset 1 est comme le titre de l\u2019ensemble de l\u2019ouvrage qui s\u2019attachera \u00e0 susciter l\u2019adh\u00e9sion de ses lecteurs \u00e0 la foi \u00e0 J\u00e9sus, Christ, Fils de Dieu, par del\u00e0 l\u2019apparent \u00e9chec de sa mort en croix. Il est notable, en effet, que les derniers versets de l\u2019Evangile de Marc, (Mc 16, 9-20), sont un ajout tardif qui annonce la r\u00e9surrection de J\u00e9sus.<\/p>\n\n\n\n<p>Il faut savoir que les rites de purification avec de l\u2019eau sont fr\u00e9quents dans les pratiques juives du 1<sup>er<\/sup> si\u00e8cle. Ils t\u00e9moignent d\u2019un besoin de retour \u00e0 la puret\u00e9 spirituelle de la part d\u2019un peuple en plein renouveau religieux alors qu\u2019il est \u00e9cras\u00e9 par l\u2019occupation romaine et les autorit\u00e9s juives qui collaborent avec l\u2019occupant.<\/p>\n\n\n\n<p>Parmi d\u2019autres \u00e9coles de baptistes, celle de Jean annonce l\u2019imminence de la venue du Messie attendu, et m\u00eame la pr\u00e9sence d\u00e9j\u00e0 r\u00e9elle de celui-ci bien que pas encore manifeste.<\/p>\n\n\n\n<p>La mention du v\u00eatement de Jean-Baptise et de son mode de nourriture frugale n\u2019est pas seulement l\u00e0 pour attester de son asc\u00e9tisme, mais pour indiquer qu\u2019il est le nouvel Elie (1Rois 17-19), le proph\u00e8te dont Malachie avait annonc\u00e9 le retour (Malachie 3, 23-24&nbsp;:&nbsp; derniers versets de l\u2019Ancien Testament dans ma Bible &nbsp;!&nbsp;).<\/p>\n\n\n\n<p><strong>Un m\u00e9thode d\u2019\u00e9coute des textes bibliques<\/strong><\/p>\n\n\n\n<p>Je vous sugg\u00e8re d\u2019\u00e9couter chacun de ces textes avec la m\u00e9thode des trois lectures que je vous ai d\u00e9j\u00e0 propos\u00e9e&nbsp;:&nbsp;&nbsp;<\/p>\n\n\n\n<ul class=\"wp-block-list\"><li>une 1<sup>\u00e8re<\/sup> lecture pour \u00e9couter ce dont Le Seigneur parle,<\/li><li>une deuxi\u00e8me lecture pour discerner la conversion \u00e0 laquelle le Seigneur m\u2019appelle personnellement,<\/li><li>une troisi\u00e8me lecture \u00e0 l\u2019issue de laquelle je m\u2019adresse au Seigneur par une pri\u00e8re.<\/li><\/ul>\n\n\n\n<p><strong>Prions avec notre dioc\u00e8se<\/strong><\/p>\n\n\n\n<p>Voici la pri\u00e8re pour ce 2<sup>\u00e8me<\/sup> jour de la \u00ab&nbsp;Neuvaine pour demander au Seigneur de nous d\u00e9livrer du mal de la pand\u00e9mie&nbsp;\u00bb&nbsp;:&nbsp;<\/p>\n\n\n\n<p><em>Dieu notre P\u00e8re, Seigneur de l\u2019univers et Ma\u00eetre de l\u2019histoire, <br>\ntoujours attentif aux cris de ceux qui t\u2019invoquent,&nbsp;<\/em><\/p>\n\n\n\n<p><em>nous nous tournons vers toi avec confiance et nous te supplions de nous lib\u00e9rer <br>\nde cette grave \u00e9pid\u00e9mie comme le firent nos anc\u00eatres dans la foi.<\/em><\/p>\n\n\n\n<p><em>Par l\u2019intercession du bienheureux Charles de Foucauld nous te prions pour que la paix r\u00e8gne entre les religions.<\/em><\/p>\n\n\n\n<p><em>Toi le Dieu de bont\u00e9 et de tendresse qui nous a envoy\u00e9 ton Fils pour nous sauver, \u00e9coute nos pri\u00e8res et prends piti\u00e9 de nous.<\/em><\/p>\n\n\n\n<p><em>Amen.<\/em><\/p>\n\n\n\n<p>Je vous rappelle que vous trouverez des \u00e9clairages tr\u00e8s accessibles sur les textes des dimanches avec les commentaire de Marie-No\u00eblle Thabut avec le lien suivant&nbsp;:&nbsp; <br>\n<a href=\"https:\/\/eglise.catholique.fr\/approfondir-sa-foi\/la-celebration-de-la-foi\/le-dimanche-jour-du-seigneur\/commentaires-de-marie-noelle-thabut\/\">https:\/\/eglise.catholique.fr\/approfondir-sa-foi\/la-celebration-de-la-foi\/le-dimanche-jour-du-seigneur\/commentaires-de-marie-noelle-thabut\/<\/a><\/p>\n\n\n\n<p>Le lien pour le partage biblique de jeudi prochain \u00e0 18h30 est le suivant &nbsp;:&nbsp;<br>\n<a href=\"https:\/\/www.google.com\/url?q=https:\/\/us02web.zoom.us\/j\/88601140626?pwd%3DNTBVNE8yR2lNY1Y1SVJ4VHdGME5FQT09&amp;sa=D&amp;source=calendar&amp;usd=2&amp;usg=AOvVaw1UPop4168uzBow2phaLWUE\">https:\/\/us02web.zoom.us\/j\/88601140626?pwd=NTBVNE8yR2lNY1Y1SVJ4VHdGME5FQT09<\/a><\/p>\n\n\n\n<p>ID de r\u00e9union&nbsp;: 886 0114 0626<\/p>\n\n\n\n<p>Code secret&nbsp;: 410477<\/p>\n\n\n\n<p>Je vous souhaite une beau temps de l\u2019Avent pour pr\u00e9parer nos coeurs \u00e0 accueillir la venue du Sauveur, en particulier en prenant soin de nos fr\u00e8res les plus fragiles.<\/p>\n\n\n\n<p>Fraternellement.<\/p>\n\n\n\n<p>Fraternellement.<\/p>\n\n\n\n<figure class=\"wp-block-image\"><img decoding=\"async\" src=\"https:\/\/www.notredamedelaconfiance.fr\/wp-content\/uploads\/2020\/12\/Isa\u00efe-ic\u00f4ne.jpg\" alt=\"\" class=\"wp-image-778\"\/><\/figure>\n\n\n\n<figure class=\"wp-block-image\"><img decoding=\"async\" src=\"https:\/\/www.notredamedelaconfiance.fr\/wp-content\/uploads\/2020\/12\/Jean-baptiste-proclame-1024x926.gif\" alt=\"\" class=\"wp-image-779\"\/><\/figure>\n","protected":false},"excerpt":{"rendered":"<p>Bonjour \u00e0 tous. La lutte contre la pand\u00e9mie continue et elle nous demande de nous adapter fr\u00e9quemment aux consignes de notre combat collectif. Ainsi, dimanche dernier, nous pouvions nous r\u00e9unir \u00e0 nouveau mais dans des limites de nombre. Ce fut une grande joie de pouvoir nous retrouver en assembl\u00e9e vivante \u00e0 la chapelle.&nbsp; Dimanche prochain, [&hellip;]<\/p>\n","protected":false},"author":4,"featured_media":0,"comment_status":"closed","ping_status":"open","sticky":false,"template":"","format":"standard","meta":{"footnotes":""},"categories":[1],"tags":[],"class_list":["post-780","post","type-post","status-publish","format-standard","hentry","category-info"],"_links":{"self":[{"href":"https:\/\/www.notredamedelaconfiance.fr\/index.php\/wp-json\/wp\/v2\/posts\/780","targetHints":{"allow":["GET"]}}],"collection":[{"href":"https:\/\/www.notredamedelaconfiance.fr\/index.php\/wp-json\/wp\/v2\/posts"}],"about":[{"href":"https:\/\/www.notredamedelaconfiance.fr\/index.php\/wp-json\/wp\/v2\/types\/post"}],"author":[{"embeddable":true,"href":"https:\/\/www.notredamedelaconfiance.fr\/index.php\/wp-json\/wp\/v2\/users\/4"}],"replies":[{"embeddable":true,"href":"https:\/\/www.notredamedelaconfiance.fr\/index.php\/wp-json\/wp\/v2\/comments?post=780"}],"version-history":[{"count":2,"href":"https:\/\/www.notredamedelaconfiance.fr\/index.php\/wp-json\/wp\/v2\/posts\/780\/revisions"}],"predecessor-version":[{"id":782,"href":"https:\/\/www.notredamedelaconfiance.fr\/index.php\/wp-json\/wp\/v2\/posts\/780\/revisions\/782"}],"wp:attachment":[{"href":"https:\/\/www.notredamedelaconfiance.fr\/index.php\/wp-json\/wp\/v2\/media?parent=780"}],"wp:term":[{"taxonomy":"category","embeddable":true,"href":"https:\/\/www.notredamedelaconfiance.fr\/index.php\/wp-json\/wp\/v2\/categories?post=780"},{"taxonomy":"post_tag","embeddable":true,"href":"https:\/\/www.notredamedelaconfiance.fr\/index.php\/wp-json\/wp\/v2\/tags?post=780"}],"curies":[{"name":"wp","href":"https:\/\/api.w.org\/{rel}","templated":true}]}}