{"id":789,"date":"2020-12-08T09:46:35","date_gmt":"2020-12-08T08:46:35","guid":{"rendered":"https:\/\/www.notredamedelaconfiance.fr\/?p=789"},"modified":"2020-12-08T09:46:35","modified_gmt":"2020-12-08T08:46:35","slug":"nd-de-la-confiance-se-familiarise-avec-la-parole-de-dieu-11","status":"publish","type":"post","link":"https:\/\/www.notredamedelaconfiance.fr\/index.php\/2020\/12\/08\/nd-de-la-confiance-se-familiarise-avec-la-parole-de-dieu-11\/","title":{"rendered":"ND de la Confiance se familiarise avec la Parole de Dieu -11"},"content":{"rendered":"\n<p>Bonjour \u00e0 tous.<\/p>\n\n\n\n<p>Aujourd\u2019hui, mardi 8 d\u00e9cembre, grande f\u00eate de l\u2019Immacul\u00e9e Conception de la Vierge Marie.<\/p>\n\n\n\n<p>C\u2019est m\u00eame une solennit\u00e9, c\u2019est-a-dire le plus haut degr\u00e9 des f\u00eates liturgiques de l\u2019ann\u00e9e.<\/p>\n\n\n\n<p>L\u2019Eglise c\u00e9l\u00e8bre que Marie, pour pouvoir donner vie au Fils de Dieu dans sa chair, a accompli sa mission sans aucune r\u00e9serve. Elle est la m\u00e8re parfaite du Messie, M\u00e8re de Dieu&nbsp;!&nbsp; Elle est pourtant de la lign\u00e9e d\u2019Adam et Eve, nos parents symboliques p\u00e9cheurs, de qui&nbsp; nous h\u00e9ritons l\u2019\u00e9tat de p\u00e9cheur, cet \u00e9tat qui nous fait nous satisfaire de ne pas \u00eatre en pleine communion avec Dieu.<\/p>\n\n\n\n<p>Comment Marie a-t-elle pu na\u00eetre pr\u00e9serv\u00e9e du p\u00e9ch\u00e9 originel&nbsp;? L\u2019oraison de ce jour de f\u00eate nous l\u2019indique&nbsp;:&nbsp;<\/p>\n\n\n\n<p><em>Seigneur, tu as pr\u00e9par\u00e9 \u00e0 ton Fils une demeure digne de lui par la conception immacul\u00e9e de la Vierge ; puisque tu l&rsquo;as pr\u00e9serv\u00e9e de tout p\u00e9ch\u00e9 par une gr\u00e2ce venant d\u00e9j\u00e0 de la mort de ton Fils, <br>\naccorde-nous, \u00e0 l&rsquo;intercession de cette M\u00e8re tr\u00e8s pure, de parvenir jusqu&rsquo;\u00e0 toi, purifi\u00e9s, nous aussi, de tout mal.<\/em><\/p>\n\n\n\n<p>Avec cette f\u00eate, s\u2019ach\u00e8ve la Neuvaine de pri\u00e8re pour demander au Seigneur de nous d\u00e9livrer du mal de la pand\u00e9mie. Nous nous remettons d\u00e9sormais dans les mains du Seigneur qui sait bien comment il va nous conduire dans la gu\u00e9rison.<\/p>\n\n\n\n<p>Mais ce mail a pour but de nous pr\u00e9parer \u00e0 c\u00e9l\u00e9brer la Parole de Dieu dans les textes bibliques de dimanche prochain 13 d\u00e9cembre, 3<sup>\u00e8me<\/sup> dimanche de l\u2019Avent, appel\u00e9 \u2018Gaudete\u2019, ce qui se traduit&nbsp;:&nbsp; \u2018R\u00e9jouissez-vous!\u2019<\/p>\n\n\n\n<p><strong>Ouvrons la Bible<\/strong><\/p>\n\n\n\n<p>Je vous propose de r\u00e9server le prochain mail de jeudi \u00e0 l\u2019Evangile de ce dimanche et de grouper les trois autres passages de l\u2019Ecriture dans celui-ci. Leur point commun est la Joie.<\/p>\n\n\n\n<p><em>Lecture du Livre du Proph\u00e8te Isa\u00efe (Is 61, 1-2a.10-11)<\/em><\/p>\n\n\n\n<p><em>L\u2019esprit du Seigneur Dieu est sur moi <br>\nparce que le Seigneur m\u2019a consacr\u00e9 par l\u2019onction.&nbsp;<\/em><\/p>\n\n\n\n<p><em>Il m\u2019a envoy\u00e9 annoncer la bonne nouvelle aux humbles, <br>\ngu\u00e9rir ceux qui ont le c\u0153ur bris\u00e9, <br>\nproclamer aux captifs leur d\u00e9livrance, <br>\naux prisonniers leur lib\u00e9ration, <br>\nproclamer une ann\u00e9e de bienfaits accord\u00e9e par le Seigneur.&nbsp;<\/em><\/p>\n\n\n\n<p><em>Je tressaille de joie dans le Seigneur, <br>\nmon \u00e2me exulte en mon Dieu.&nbsp;<\/em><\/p>\n\n\n\n<p><em>Car il m\u2019a v\u00eatue des v\u00eatements du salut, <br>\nil m\u2019a couverte du manteau de la justice, <br>\ncomme le jeune mari\u00e9 orn\u00e9 du diad\u00e8me, la jeune mari\u00e9e que parent ses joyaux.&nbsp;<\/em><\/p>\n\n\n\n<p><em>Comme la terre fait \u00e9clore son germe, et le jardin, germer ses semences, <br>\nle Seigneur Dieu fera germer la justice et la louange devant toutes les nations.<\/em><\/p>\n\n\n\n<p>Parole du Seigneur.<\/p>\n\n\n\n<p>Nous avons d\u00e9j\u00e0 rencontr\u00e9 ce \u2018troisi\u00e8me\u2019 Isa\u00efe lors du 1<sup>er<\/sup> dimanche l\u2019Avent.<\/p>\n\n\n\n<p>Dans la suite du retour de leur Exil \u00e0 Babylone, les d\u00e9port\u00e9s s\u2019attendaient \u00e0 une p\u00e9riode radieuse dans la joie de retrouver leur terre et J\u00e9rusalem. Mais cette terre a \u00e9t\u00e9 occup\u00e9e par d\u2019autres d\u00e9port\u00e9s d\u2019autres nations, qui ont d\u2019autres divinit\u00e9s, d\u2019autres int\u00e9r\u00eats que d\u2019accueillir les anciens habitants.<\/p>\n\n\n\n<p>C\u2019est la d\u00e9convenue apr\u00e8s les horribles ann\u00e9es de d\u00e9portation.<\/p>\n\n\n\n<p>Le Seigneur inspire donc le proph\u00e8te pour remonter le moral des troupes et leur t\u00e9moigner que Dieu ne les a pas oubli\u00e9s mais qu\u2019au contraire, il a un projet de joie pour eux. Courage&nbsp;!&nbsp;<\/p>\n\n\n\n<p>Vous pouvez constater que la s\u00e9lection retenue pour notre dimanche saute all\u00e8grement les versets&nbsp; 2bc \u00e0 9 de ce chapitre 61 d\u2019Isa\u00efe. Ayez la curiosit\u00e9 d\u2019aller voir dans votre Bible ce que disent ces versets&nbsp;:&nbsp; \u00ab&nbsp;\u2026 ils reb\u00e2tiront les ruines antiques \u2026 vous, vous serez appel\u00e9s \u2018pr\u00eatres du Seigneur\u2018 \u2026 au lieu de votre honte&nbsp;:&nbsp; double part!&nbsp;\u00bb<\/p>\n\n\n\n<p>Curiosit\u00e9&nbsp;:&nbsp; dans la traduction de la liturgie, il y a une phrase au f\u00e9minin (Car il m\u2019a v\u00eatue des v\u00eatements du salut, il m\u2019a couverte du manteau de la justice). Certaines Bible la traduisent au masculin. En fait, les sp\u00e9cialistes ne savent pas bien de qui il s\u2019agit&nbsp;;&nbsp; peut-\u00eatre de J\u00e9rusalem elle m\u00eame&nbsp;;&nbsp; et peut-\u00eatre de nous-m\u00eame comme Eglise peuple ch\u00e9ri de Dieu, qui sait &nbsp;?<\/p>\n\n\n\n<p>Cantique (Lc 1, 46b-48, 49-50, 53-54)<\/p>\n\n\n\n<p><em>Mon \u00e2me exalte le Seigneur,&nbsp;<\/em><\/p>\n\n\n\n<p><em>exulte mon esprit en Dieu, mon Sauveur !&nbsp;<\/em><\/p>\n\n\n\n<p><em>Il s\u2019est pench\u00e9 sur son humble servante ;&nbsp;<\/em><\/p>\n\n\n\n<p><em>d\u00e9sormais tous les \u00e2ges me diront bienheureuse.&nbsp;<\/em><\/p>\n\n\n\n<p><em>Le Puissant fit pour moi des merveilles ;&nbsp;<\/em><\/p>\n\n\n\n<p><em>Saint est son nom !&nbsp;<\/em><\/p>\n\n\n\n<p><em>Sa mis\u00e9ricorde s\u2019\u00e9tend d\u2019\u00e2ge en \u00e2ge&nbsp;<\/em><\/p>\n\n\n\n<p><em>sur ceux qui le craignent.&nbsp;<\/em><\/p>\n\n\n\n<p><em>Il comble de biens les affam\u00e9s,&nbsp;<\/em><\/p>\n\n\n\n<p><em>renvoie les riches les mains vides.&nbsp;<\/em><\/p>\n\n\n\n<p><em>Il rel\u00e8ve Isra\u00ebl son serviteur,&nbsp;<\/em><\/p>\n\n\n\n<p><em>il se souvient de son amour<\/em><\/p>\n\n\n\n<p>Vous avez reconnu le magnificat de Marie, ou du moins une partie de ce cantique que Marie fait jaillir de sa joie lors de sa visite \u00e0 sa cousine Elisabeth.<\/p>\n\n\n\n<p>On peut regretter que la liturgie de ce dimanche ne nous ait pas gard\u00e9 l\u2019enti\u00e8ret\u00e9 de ce cantique, sans doute pour \u00e9viter des longueurs dans la Messe&nbsp;!&nbsp;&nbsp;<\/p>\n\n\n\n<p>La aussi, je vous invite \u00e0 aller savourer ce cantique en entier dans votre Bible.<\/p>\n\n\n\n<p>Nous sommes tout \u00e0 fait fond\u00e9s de recevoir ce cantique comme \u00e9tant celui de Marie puisque Luc nous le pr\u00e9sente ainsi et que nous croyons \u00e0 l\u2019inspiration des Ecritures, en premier lieu des Evangiles.<\/p>\n\n\n\n<p>Les traducteurs de ma Bible (Bible de J\u00e9rusalem) pensent que Luc a puis\u00e9 dans un cantique pr\u00e9existant la matrice de ce po\u00e8me aupr\u00e8s de communaut\u00e9s spirituelles priantes du 1<sup>er<\/sup> si\u00e8cle.<\/p>\n\n\n\n<p>D\u2019autres commentateurs pensent que les futures m\u00e8res en Palestine avaient coutume de composer un po\u00e8me pour leur b\u00e9b\u00e9 qu\u2019elles lui r\u00e9citaient tout au long de leur grossesse. Cette id\u00e9e est tr\u00e8s jolie mais pas certaine.<\/p>\n\n\n\n<p>En tous cas, ce Magnificat de Marie est truff\u00e9 de citations ou d\u2019allusions \u00e0 des passages de la Bible, en particulier du cantique d\u2019Anne, maman de Samuel (1 Samuel 2, 1-10), que je vous invite \u00e0 visiter \u00e9galement.<\/p>\n\n\n\n<p>En Isa\u00efe 61, 10, qui fait partie de notre 1<sup>\u00e8re<\/sup> lecture, vous trouverez une autre phrase qui a inspir\u00e9 celle qui ouvre le Magnificat. De m\u00eame en Habaquq 3, 18.<\/p>\n\n\n\n<p>Voici enfin la 2<sup>\u00e8me<\/sup> lecture de ce dimanche Gaudete&nbsp;:&nbsp;<\/p>\n\n\n\n<p>Lecture de la 1<sup>\u00e8re<\/sup> Lettre de Saint Paul, Ap\u00f4tre, aux Thessaloniciens (1 Th 5, 16-24)<\/p>\n\n\n\n<p><em>Fr\u00e8res, soyez toujours dans la joie, <br>\npriez sans rel\u00e2che, rendez gr\u00e2ce en toute circonstance :&nbsp;<\/em><\/p>\n\n\n\n<p><em>c\u2019est la volont\u00e9 de Dieu \u00e0 votre \u00e9gard dans le Christ J\u00e9sus.&nbsp;<\/em><\/p>\n\n\n\n<p><em>N\u2019\u00e9teignez pas l\u2019Esprit, ne m\u00e9prisez pas les proph\u00e9ties, <br>\nmais discernez la valeur de toute chose : <br>\nce qui est bien, gardez-le ; <br>\n\u00e9loignez-vous de toute esp\u00e8ce de mal.&nbsp;<\/em><\/p>\n\n\n\n<p><em>Que le Dieu de la paix lui-m\u00eame vous sanctifie tout entiers ; <br>\nque votre esprit, votre \u00e2me et votre corps, soient tout entiers gard\u00e9s sans reproche <br>\npour la venue de notre Seigneur J\u00e9sus Christ.&nbsp;<\/em><\/p>\n\n\n\n<p><em>Il est fid\u00e8le, Celui qui vous appelle : tout cela, il le fera.<\/em><\/p>\n\n\n\n<p>Parole du Seigneur.<\/p>\n\n\n\n<p>Nous connaissons d\u00e9j\u00e0 ce chapitre 5 de la 1<sup>\u00e8re<\/sup> lettre de Paul aux Thessaloniciens&nbsp;:&nbsp; nous en avons re\u00e7u les premiers versets le 15 novembre dernier(33\u00e8me dimanche ordinaire ann\u00e9e A).<\/p>\n\n\n\n<p>Dimanche prochain, ce sont les derniers versets de ce chapitre qui sont aussi quasiment les derniers versets de la lettre, comme une conclusion et un envoi g\u00e9n\u00e9ral adress\u00e9 aux destinataires.<\/p>\n\n\n\n<p>L\u00e0 encore, ayez la curiosit\u00e9 d\u2019aller voir ce qui pr\u00e9c\u00e8de et ce qui suit notre passage d\u2019aujourd\u2019hui.<\/p>\n\n\n\n<p>Vous y trouverez des compl\u00e9ments d\u2019exhortation dans le m\u00eame esprit que notre passage. notamment ce refrain de tout le Nouveau Testament : \u2018ne rendez pas le mal pour le mal\u2019 (Romains 12, 17, 1Pierre 3, 9).<\/p>\n\n\n\n<p>Dans les versets finaux (1Th 5, 25-26) qui suivent notre passage, on constate que ces lettres de Paul sont destin\u00e9es \u00e0 \u00eatre lues, relues et port\u00e9es \u00e0 tous les fr\u00e8res (voir aussi 2 Corinthiens 1, 1 et Colossiens 4, 16). C\u2019est ainsi que ces \u00e9crits apostoliques ont tr\u00e8s t\u00f4t trouv\u00e9 leur place d\u00e9terminante dans la foi des premiers chr\u00e9tiens et la conduite des premi\u00e8res communaut\u00e9s chr\u00e9tiennes.<\/p>\n\n\n\n<p>L\u2019appel a \u00eatre toujours dans la joie se trouve presque dans les m\u00eames termes dans l\u2019\u00e9p\u00eetre aux Philippiens (Ph 4, 4).<br>\nC\u2019est surprenant car on pense spontan\u00e9ment que la joie est une \u00e9motion incontr\u00f4lable. D\u00e8s lors, comment en faire un commandement ou un conseil&nbsp;?&nbsp;<\/p>\n\n\n\n<p>Nous avons la m\u00eame surprise avec le commandement de l\u2019amour (Jean 15, 12). En fait, l\u2019amour ne doit pas rester un sentiment, fluctuant par nature,&nbsp;mais un acte de volont\u00e9. A l\u2019image de Dieu qui aime inconditionnellement ses cr\u00e9atures que nous sommes et qui veut nous aimer quoi que nous fassions.<br>\nDe m\u00eame pour la joie&nbsp;:&nbsp; il s\u2019agit d\u2019un acte de la foi&nbsp;!&nbsp; En toutes circonstances, nous rappeler que le Seigneur J\u00e9sus est le vainqueur du mal et qu\u2019il nous a lib\u00e9r\u00e9s de son emprise pour pouvoir partager l\u2019\u00e9ternelle Joie de Dieu.<\/p>\n\n\n\n<p>Je vous souhaite donc, pour achever ce courrier d\u2019entrer dans la Joie de Dieu, d\u00e8s aujourd\u2019hui, et d\u2019en t\u00e9moigner sans arrogance mais avec douceur \u00e0 nos contemporains plong\u00e9s dans l\u2019inqui\u00e9tude.<\/p>\n\n\n\n<p>A jeudi prochain pour un prochain courrier centr\u00e9 sur l\u2019Evangile de dimanche que vous pouvez d\u00e9j\u00e0 lire en Jn 1, 6-8.19-28.<\/p>\n\n\n\n<p>Voici le lien pour vous joindre au partage biblique de jeudi prochain 10 d\u00e9cembre \u00e0 19h30 &nbsp;:&nbsp;<\/p>\n\n\n\n<figure class=\"wp-block-embed\"><div class=\"wp-block-embed__wrapper\">\nhttps:\/\/us02web.zoom.us\/j\/88601140626?pwd=NTBVNE8yR2lNY1Y1SVJ4VHdGME5FQT09\n<\/div><\/figure>\n\n\n\n<p>ID de r\u00e9union&nbsp;: 886 0114 0626<\/p>\n\n\n\n<p>Code secret&nbsp;: 410477<\/p>\n\n\n\n<p>Fraternellement.<br><\/p>\n\n\n\n<figure class=\"wp-block-image\"><img loading=\"lazy\" decoding=\"async\" width=\"430\" height=\"849\" src=\"https:\/\/www.notredamedelaconfiance.fr\/wp-content\/uploads\/2020\/12\/Visitation-Bartholom\u00e4us_Zeitblom-Eschacher_Altar-The_Visitation.jpg\" alt=\"\" class=\"wp-image-787\" srcset=\"https:\/\/www.notredamedelaconfiance.fr\/wp-content\/uploads\/2020\/12\/Visitation-Bartholom\u00e4us_Zeitblom-Eschacher_Altar-The_Visitation.jpg 430w, https:\/\/www.notredamedelaconfiance.fr\/wp-content\/uploads\/2020\/12\/Visitation-Bartholom\u00e4us_Zeitblom-Eschacher_Altar-The_Visitation-152x300.jpg 152w\" sizes=\"auto, (max-width: 430px) 100vw, 430px\" \/><figcaption>Bartholom\u00e4us Zeitblom Eschacher la Visitation<\/figcaption><\/figure>\n\n\n\n<figure class=\"wp-block-image\"><img loading=\"lazy\" decoding=\"async\" width=\"1017\" height=\"1024\" src=\"https:\/\/www.notredamedelaconfiance.fr\/wp-content\/uploads\/2020\/12\/visitation-JFK-trait-1017x1024.jpg\" alt=\"\" class=\"wp-image-788\" srcset=\"https:\/\/www.notredamedelaconfiance.fr\/wp-content\/uploads\/2020\/12\/visitation-JFK-trait-1017x1024.jpg 1017w, https:\/\/www.notredamedelaconfiance.fr\/wp-content\/uploads\/2020\/12\/visitation-JFK-trait-150x150.jpg 150w, https:\/\/www.notredamedelaconfiance.fr\/wp-content\/uploads\/2020\/12\/visitation-JFK-trait-298x300.jpg 298w, https:\/\/www.notredamedelaconfiance.fr\/wp-content\/uploads\/2020\/12\/visitation-JFK-trait-768x773.jpg 768w, https:\/\/www.notredamedelaconfiance.fr\/wp-content\/uploads\/2020\/12\/visitation-JFK-trait.jpg 1589w\" sizes=\"auto, (max-width: 1017px) 100vw, 1017px\" \/><\/figure>\n","protected":false},"excerpt":{"rendered":"<p>Bonjour \u00e0 tous. Aujourd\u2019hui, mardi 8 d\u00e9cembre, grande f\u00eate de l\u2019Immacul\u00e9e Conception de la Vierge Marie. C\u2019est m\u00eame une solennit\u00e9, c\u2019est-a-dire le plus haut degr\u00e9 des f\u00eates liturgiques de l\u2019ann\u00e9e. L\u2019Eglise c\u00e9l\u00e8bre que Marie, pour pouvoir donner vie au Fils de Dieu dans sa chair, a accompli sa mission sans aucune r\u00e9serve. Elle est la [&hellip;]<\/p>\n","protected":false},"author":4,"featured_media":0,"comment_status":"closed","ping_status":"open","sticky":false,"template":"","format":"standard","meta":{"footnotes":""},"categories":[1],"tags":[],"class_list":["post-789","post","type-post","status-publish","format-standard","hentry","category-info"],"_links":{"self":[{"href":"https:\/\/www.notredamedelaconfiance.fr\/index.php\/wp-json\/wp\/v2\/posts\/789","targetHints":{"allow":["GET"]}}],"collection":[{"href":"https:\/\/www.notredamedelaconfiance.fr\/index.php\/wp-json\/wp\/v2\/posts"}],"about":[{"href":"https:\/\/www.notredamedelaconfiance.fr\/index.php\/wp-json\/wp\/v2\/types\/post"}],"author":[{"embeddable":true,"href":"https:\/\/www.notredamedelaconfiance.fr\/index.php\/wp-json\/wp\/v2\/users\/4"}],"replies":[{"embeddable":true,"href":"https:\/\/www.notredamedelaconfiance.fr\/index.php\/wp-json\/wp\/v2\/comments?post=789"}],"version-history":[{"count":1,"href":"https:\/\/www.notredamedelaconfiance.fr\/index.php\/wp-json\/wp\/v2\/posts\/789\/revisions"}],"predecessor-version":[{"id":790,"href":"https:\/\/www.notredamedelaconfiance.fr\/index.php\/wp-json\/wp\/v2\/posts\/789\/revisions\/790"}],"wp:attachment":[{"href":"https:\/\/www.notredamedelaconfiance.fr\/index.php\/wp-json\/wp\/v2\/media?parent=789"}],"wp:term":[{"taxonomy":"category","embeddable":true,"href":"https:\/\/www.notredamedelaconfiance.fr\/index.php\/wp-json\/wp\/v2\/categories?post=789"},{"taxonomy":"post_tag","embeddable":true,"href":"https:\/\/www.notredamedelaconfiance.fr\/index.php\/wp-json\/wp\/v2\/tags?post=789"}],"curies":[{"name":"wp","href":"https:\/\/api.w.org\/{rel}","templated":true}]}}